{"id":25753,"date":"2021-04-09T17:30:49","date_gmt":"2021-04-09T22:30:49","guid":{"rendered":"https:\/\/www.zonaroja.com.mx\/?p=25753"},"modified":"2021-04-09T21:15:43","modified_gmt":"2021-04-10T02:15:43","slug":"normalistas-saquean-oficinas-de-ieepo-por-demanda-federal","status":"publish","type":"post","link":"https:\/\/zonaroja.com.mx\/?p=25753","title":{"rendered":"Normalistas saquean oficinas de IEEPO, por demanda federal"},"content":{"rendered":"\n<p class=\"MsoNormal\">Yuridiana Sosa\/Zona Roja. <\/p>\n\n\n\n<p class=\"MsoNormal\">Oaxaca de Ju\u00e1rez, Oax., 9 de abril de 2021.- Estudiantes que integran la Coordinadora Estudiantil Normalista del Estado de Oaxaca (CENEO) protestaron de nuevo de manera violenta en la capital de la entidad, en rechazo a la presunta desaparici\u00f3n de escuelas normales en M\u00e9xico.<\/p>\n\n\n\n<p class=\"MsoNormal\">Luego de apoderarse de unos cinco camiones de pasajeros, vandalizaron las oficinas administrativas del Instituto Estatal de Educaci\u00f3n P\u00fablica de Oaxaca (IEEPO), ubicadas en la colonia Reforma; realizaron pintas y despu\u00e9s allanaron el inmueble, donde efectuaron destrozos y prendieron fuego a parte del mobiliario, en el exterior del edificio, as\u00ed como detonaron cohetones.<\/p>\n\n\n\n<p class=\"MsoNormal\">De acuerdo con reporte preliminar, los normalistas sustrajeron computadoras, muebles y documentos de las oficinas de la Direcci\u00f3n de Normales, en la calle Violetas; sin que hasta el momento exista un reporte oficial del IEEPO sobre los da\u00f1os registrados.<\/p>\n\n\n\n<figure class=\"wp-block-embed-twitter wp-block-embed is-type-rich is-provider-twitter\"><div class=\"wp-block-embed__wrapper\">\n<div class=\"twitter-tweet\"><blockquote class=\"twitter-tweet\" data-lang=\"es\"><p lang=\"es\" dir=\"ltr\"><a href=\"https:\/\/twitter.com\/hashtag\/ENVIVO?src=hash&amp;ref_src=twsrc%5Etfw\">#ENVIVO<\/a> <br>Oaxaca de Ju\u00e1rez, Oax., 9 de abril de 2021.- Estudiantes de escuelas normales del estado vandalizan y saquean un inmueble del IEEPO, ubicado en la calle de violetas colonia reforma de la ciudad de Oaxaca. <br>Siga la transmisi\u00f3n: <br>\ud83d\udc47<a href=\"https:\/\/t.co\/NZnCVF1jSL\">https:\/\/t.co\/NZnCVF1jSL<\/a> <a href=\"https:\/\/t.co\/iIZMJSEliH\">pic.twitter.com\/iIZMJSEliH<\/a><\/p>&mdash; Zona Roja Oaxaca (@Zona_Roja_Oax) <a href=\"https:\/\/twitter.com\/Zona_Roja_Oax\/status\/1380588020110401541?ref_src=twsrc%5Etfw\">9 de abril de 2021<\/a><\/blockquote><\/div>\n<\/div><\/figure>\n\n\n\n<p class=\"MsoNormal\">LA PROTESTA<\/p>\n\n\n\n<p class=\"MsoNormal\">Desde temprana hora los normalistas comenzaron la jornada de protesta con la retenci\u00f3n de unidades del transporte p\u00fablico en inmediaciones del Centro Regional de Educaci\u00f3n Normal de Oaxaca (CRENO) para dirigirse a las instalaciones de gobierno en la colonia Reforma; ambos ubicados en la zona norte de la capital.<\/p>\n\n\n\n<p class=\"MsoNormal\">Frente a las oficinas del IEEPO, en la calle de Violetas, instalaron un bloqueo, donde la primera demanda visible estaba escrita en una manta: \u201cA las escuelas normales las quieren desaparecer, pero nosotros con lucha y sangre la vamos a defender\u201d.<\/p>\n\n\n\n<p class=\"MsoNormal\">Sobre la fachada realizaron pintas con diversas demandas: \u201cNo a la Usicamm\u201d, que es la Unidad de Sistema para la Carrera de las Maestras y los Maestros. \u201cExamen presencial\u201d, para los alumnos de nuevo ingreso.  \u201cNo a la venta de lugares\u201d, \u201crespeto a los acuerdos\u201d, \u201cCENEO vive\u201d.<\/p>\n\n\n\n<p class=\"MsoNormal\">Luego de varios minutos de protesta en el exterior comenzaron los intentos para abrir los accesos del inmueble.<\/p>\n\n\n\n<p class=\"MsoNormal\">Se agruparon y con las mantas que portaban se cubrieron para cometer los distintos actos vand\u00e1licos. Tras m\u00e1s de una hora, los estudiantes lograron ingresar a las oficinas.<\/p>\n\n\n\n<p class=\"MsoNormal\">Realizaron destrozos al interior, as\u00ed como pintas, sustrajeron una silla a la que prendieron fuego en el exterior.<\/p>\n\n\n\n<p class=\"MsoNormal\">Despu\u00e9s, los normalistas corrieron y se retiraron a bordo de las unidades retenidas a las instalaciones del CRENO. Minutos m\u00e1s tarde fueron liberadas las unidades del transporte p\u00fablico urbano. <\/p>\n","protected":false},"excerpt":{"rendered":"<p>Yuridiana Sosa\/Zona Roja. Oaxaca de Ju\u00e1rez, Oax., 9 de abril de 2021.- Estudiantes que integran&hellip;<\/p>\n","protected":false},"author":2,"featured_media":25752,"comment_status":"closed","ping_status":"open","sticky":false,"template":"","format":"standard","meta":{"_lmt_disableupdate":"","_lmt_disable":"","_jetpack_memberships_contains_paid_content":false,"footnotes":""},"categories":[109,47],"tags":[1926],"class_list":["post-25753","post","type-post","status-publish","format-standard","has-post-thumbnail","hentry","category-minuto-a-minuto","category-zona-gris","tag-coordinadora-estudiantil-normalista-del-estado-de-oaxaca-ceneo"],"jetpack_featured_media_url":"https:\/\/zonaroja.com.mx\/wp-content\/uploads\/2021\/04\/651ed877-93a6-469d-8690-6115bbeeb60f.jpg","jetpack_sharing_enabled":true,"_links":{"self":[{"href":"https:\/\/zonaroja.com.mx\/index.php?rest_route=\/wp\/v2\/posts\/25753","targetHints":{"allow":["GET"]}}],"collection":[{"href":"https:\/\/zonaroja.com.mx\/index.php?rest_route=\/wp\/v2\/posts"}],"about":[{"href":"https:\/\/zonaroja.com.mx\/index.php?rest_route=\/wp\/v2\/types\/post"}],"author":[{"embeddable":true,"href":"https:\/\/zonaroja.com.mx\/index.php?rest_route=\/wp\/v2\/users\/2"}],"replies":[{"embeddable":true,"href":"https:\/\/zonaroja.com.mx\/index.php?rest_route=%2Fwp%2Fv2%2Fcomments&post=25753"}],"version-history":[{"count":2,"href":"https:\/\/zonaroja.com.mx\/index.php?rest_route=\/wp\/v2\/posts\/25753\/revisions"}],"predecessor-version":[{"id":25766,"href":"https:\/\/zonaroja.com.mx\/index.php?rest_route=\/wp\/v2\/posts\/25753\/revisions\/25766"}],"wp:featuredmedia":[{"embeddable":true,"href":"https:\/\/zonaroja.com.mx\/index.php?rest_route=\/wp\/v2\/media\/25752"}],"wp:attachment":[{"href":"https:\/\/zonaroja.com.mx\/index.php?rest_route=%2Fwp%2Fv2%2Fmedia&parent=25753"}],"wp:term":[{"taxonomy":"category","embeddable":true,"href":"https:\/\/zonaroja.com.mx\/index.php?rest_route=%2Fwp%2Fv2%2Fcategories&post=25753"},{"taxonomy":"post_tag","embeddable":true,"href":"https:\/\/zonaroja.com.mx\/index.php?rest_route=%2Fwp%2Fv2%2Ftags&post=25753"}],"curies":[{"name":"wp","href":"https:\/\/api.w.org\/{rel}","templated":true}]}}