{"id":25755,"date":"2021-04-09T18:17:26","date_gmt":"2021-04-09T23:17:26","guid":{"rendered":"http:\/\/www.zonaroja.com.mx\/?p=25755"},"modified":"2021-04-09T18:17:30","modified_gmt":"2021-04-09T23:17:30","slug":"ordena-tribunal-nombrar-a-nuevo-comisionado-municipal-de-san-antonio-de-la-cal","status":"publish","type":"post","link":"https:\/\/zonaroja.com.mx\/?p=25755","title":{"rendered":"Ordena Tribunal nombrar a nuevo comisionado municipal de San Antonio de la Cal"},"content":{"rendered":"\n<p>Redacci\u00f3n\/Zona Roja.<\/p>\n\n\n\n<p>Oaxaca de Ju\u00e1rez, Oaxaca a 9 de abril de 2021.- El Pleno del Tribunal Electoral del Estado de Oaxaca (TEEO) revoc\u00f3 el nombramiento del comisionado municipal de San Antonio de la Cal y orden\u00f3 a la Secretar\u00eda General de Gobierno del Estado de Oaxaca, que nombre a otro ciudadano o ciudadana en este cargo, quien debe ser originario y habitante de ese municipio.<\/p>\n\n\n\n<p>En la sesi\u00f3n p\u00fablica realizada de manera presencial, a puerta cerrada, la magistrada y los magistrados argumentaron en el Juicio para la Protecci\u00f3n de los Derechos Pol\u00edtico Electorales de la Ciudadan\u00eda en el R\u00e9gimen de los Sistemas Normativos Internos, con clave JDCI\/31\/2021, que la persona que ha permanecido como Comisionado Municipal de San Antonio de la Cal (Alfonso Escobar Mateos) supera el plazo m\u00e1ximo fijado por&nbsp; la Constituci\u00f3n del Estado, y que corresponde a 60 d\u00edas naturales.<\/p>\n\n\n\n<p>Detallaron que desde el 14 de febrero de 2021 concluy\u00f3 el periodo de quien funge como comisionado municipal.<\/p>\n\n\n\n<p>Por otro lado, en el Juicio para la Protecci\u00f3n de los Derechos Pol\u00edtico Electorales de la Ciudadan\u00eda en el R\u00e9gimen de Sistemas Normativos Internos, con clave JDCI\/65\/2020, este Tribunal declar\u00f3 la existencia de violencia pol\u00edtica en raz\u00f3n de g\u00e9nero contra la presidenta municipal y la regidora de Hacienda de San Bartolo Soyaltepec, cometida por el Regidor de Obras y el Suplente de la Regidur\u00eda de Hacienda de ese municipio.<\/p>\n\n\n\n<p>De las documentales p\u00fablicas y pruebas t\u00e9cnicas que obran en autos se pudo constatar la existencia de los actos atribuidos a las autoridades responsables, tales como: discriminaci\u00f3n en reiteradas ocasiones; asimismo, agresiones f\u00edsica y verbalmente, amenazas e intimidaci\u00f3n;&nbsp; con la finalidad de que renuncien a sus cargos las denunciantes.<\/p>\n\n\n\n<p>En la sesi\u00f3n, el Pleno confirm\u00f3 los acuerdos del Instituto Estatal Electoral con n\u00fameros: IEEPCO-CG-SNI-66\/2020 y IEEPCO-CG-SNI-02\/2021; mediante los cuales se invalid\u00f3 la elecci\u00f3n de presidente municipal de Tanetze de Zaragoza; y se valid\u00f3 una elecci\u00f3n extraordinaria posterior.<\/p>\n\n\n\n<p>Esta decisi\u00f3n se tom\u00f3 a trav\u00e9s del Juicio Electoral de los Sistemas Normativos Internos, identificado con la clave JNI\/02\/2021 y del Juicio para la Protecci\u00f3n de los Derechos Pol\u00edtico Electorales de la Ciudadan\u00eda en el R\u00e9gimen de Sistemas Normativos Internos, identificado con la clave JDCI\/20\/2021.<\/p>\n\n\n\n<p>En esta resoluci\u00f3n se determin\u00f3 que el Instituto Estatal Electoral realiz\u00f3 una correcta valoraci\u00f3n del sistema de elecci\u00f3n plasmado en el Bando de Polic\u00eda y Gobierno de Tanetze, as\u00ed como&nbsp; del dictamen emitido por la Direcci\u00f3n Ejecutiva de Sistemas Normativos Internos.<\/p>\n","protected":false},"excerpt":{"rendered":"<p>Redacci\u00f3n\/Zona Roja. Oaxaca de Ju\u00e1rez, Oaxaca a 9 de abril de 2021.- El Pleno del&hellip;<\/p>\n","protected":false},"author":2,"featured_media":20021,"comment_status":"closed","ping_status":"open","sticky":false,"template":"","format":"standard","meta":{"_lmt_disableupdate":"","_lmt_disable":"","_jetpack_memberships_contains_paid_content":false,"footnotes":""},"categories":[109,47],"tags":[2235],"class_list":["post-25755","post","type-post","status-publish","format-standard","has-post-thumbnail","hentry","category-minuto-a-minuto","category-zona-gris","tag-tribunal-electoral-del-estado-de-oaxaca-teeo"],"jetpack_featured_media_url":"https:\/\/zonaroja.com.mx\/wp-content\/uploads\/2020\/11\/San-Antonio-de-la-Cal.jpg","jetpack_sharing_enabled":true,"_links":{"self":[{"href":"https:\/\/zonaroja.com.mx\/index.php?rest_route=\/wp\/v2\/posts\/25755","targetHints":{"allow":["GET"]}}],"collection":[{"href":"https:\/\/zonaroja.com.mx\/index.php?rest_route=\/wp\/v2\/posts"}],"about":[{"href":"https:\/\/zonaroja.com.mx\/index.php?rest_route=\/wp\/v2\/types\/post"}],"author":[{"embeddable":true,"href":"https:\/\/zonaroja.com.mx\/index.php?rest_route=\/wp\/v2\/users\/2"}],"replies":[{"embeddable":true,"href":"https:\/\/zonaroja.com.mx\/index.php?rest_route=%2Fwp%2Fv2%2Fcomments&post=25755"}],"version-history":[{"count":1,"href":"https:\/\/zonaroja.com.mx\/index.php?rest_route=\/wp\/v2\/posts\/25755\/revisions"}],"predecessor-version":[{"id":25756,"href":"https:\/\/zonaroja.com.mx\/index.php?rest_route=\/wp\/v2\/posts\/25755\/revisions\/25756"}],"wp:featuredmedia":[{"embeddable":true,"href":"https:\/\/zonaroja.com.mx\/index.php?rest_route=\/wp\/v2\/media\/20021"}],"wp:attachment":[{"href":"https:\/\/zonaroja.com.mx\/index.php?rest_route=%2Fwp%2Fv2%2Fmedia&parent=25755"}],"wp:term":[{"taxonomy":"category","embeddable":true,"href":"https:\/\/zonaroja.com.mx\/index.php?rest_route=%2Fwp%2Fv2%2Fcategories&post=25755"},{"taxonomy":"post_tag","embeddable":true,"href":"https:\/\/zonaroja.com.mx\/index.php?rest_route=%2Fwp%2Fv2%2Ftags&post=25755"}],"curies":[{"name":"wp","href":"https:\/\/api.w.org\/{rel}","templated":true}]}}