{"id":25757,"date":"2021-04-09T19:10:32","date_gmt":"2021-04-10T00:10:32","guid":{"rendered":"http:\/\/www.zonaroja.com.mx\/?p=25757"},"modified":"2021-04-09T19:10:36","modified_gmt":"2021-04-10T00:10:36","slug":"acusan-a-morena-oaxaca-y-su-dirigente-de-corrupcion-y-enganos","status":"publish","type":"post","link":"https:\/\/zonaroja.com.mx\/?p=25757","title":{"rendered":"Acusan a Morena Oaxaca y su dirigente de corrupci\u00f3n y enga\u00f1os"},"content":{"rendered":"\n<p>Yuridiana Sosa\/Zona Roja.<\/p>\n\n\n\n<p>Oaxaca de Ju\u00e1rez, Oax., 9 de abril de 2021.- Nuevamente, j\u00f3venes contratados por el Comit\u00e9 Ejecutivo Estatal de Morena protestaron para exigir al presidente del partido, Sesul Bola\u00f1os L\u00f3pez, el pago correspondiente a su jornada laboral de quince d\u00edas, pues ahora se quiere deslindar de esa obligaci\u00f3n.<\/p>\n\n\n\n<p>Cerca de 60 j\u00f3venes que fungieron como capturistas de datos de candidatos han buscado por m\u00e1s de una semana a la dirigencia estatal para que cumplan con el pago de su salario, el cual se estableci\u00f3 de 300 pesos al d\u00eda, con un monto total de cuatro mil 500 pesos para cada uno.<\/p>\n\n\n\n<p>En el transcurso de esta semana han realizado dos protestas fuera de las instalaciones del Comit\u00e9 Ejecutivo en la capital; la primera el pasado 6 de abril y la segunda este viernes, cuando tambi\u00e9n ingresaron y por varios minutos \u201ctomaron\u201d las instalaciones del partido para demandar atenci\u00f3n resolutiva.<\/p>\n\n\n\n<figure class=\"wp-block-embed-twitter wp-block-embed is-type-rich is-provider-twitter\"><div class=\"wp-block-embed__wrapper\">\n<div class=\"twitter-tweet\"><blockquote class=\"twitter-tweet\" data-lang=\"es\"><p lang=\"es\" dir=\"ltr\"><a href=\"https:\/\/twitter.com\/hashtag\/ENVIVO?src=hash&amp;ref_src=twsrc%5Etfw\">#ENVIVO<\/a> <br>Oaxaca de Ju\u00e1rez, Oax., 9 de abril de 2021.- J\u00f3venes que fueron contratados por el Partido Morena para realizar captura de ingresos de candidatos, protestan de nuevo porque la dirigencia encabeza <a href=\"https:\/\/twitter.com\/SesulBolanos?ref_src=twsrc%5Etfw\">@SesulBolanos<\/a> no quiere pagarles lo laborado.<br>\ud83d\udc47<a href=\"https:\/\/t.co\/s0rNKdVuY8\">https:\/\/t.co\/s0rNKdVuY8<\/a> <a href=\"https:\/\/t.co\/JMnvB2vE65\">pic.twitter.com\/JMnvB2vE65<\/a><\/p>&mdash; Zona Roja Oaxaca (@Zona_Roja_Oax) <a href=\"https:\/\/twitter.com\/Zona_Roja_Oax\/status\/1380593062381027334?ref_src=twsrc%5Etfw\">9 de abril de 2021<\/a><\/blockquote><\/div>\n<\/div><\/figure>\n\n\n\n<p>Personal del partido, indicaron, los han atendido en otras ocasiones, pero no solucionan el problema, mientras que Ses\u00fal Bola\u00f1os es omiso y trata de justificar en que los j\u00f3venes aceptaron el trabajo como un tequio para el partido, lo cual es negado por los afectados.<\/p>\n\n\n\n<p>Otra de las se\u00f1aladas como responsables del adeudo es la secretaria de Finanzas de Morena en Oaxaca, Elsa Mart\u00ednez, quien presuntamente se qued\u00f3 con el dinero, pues recibieron un correo institucional del partido que indic\u00f3 que el dinero ya se destin\u00f3, pero que es en esa secretar\u00eda de la que \u201cno sale el pago\u201d.<\/p>\n\n\n\n<p>Uno de los j\u00f3venes se\u00f1al\u00f3 que la contrataci\u00f3n fue real e incluso hasta los dieron de alta en el partido como parte del tr\u00e1mite laboral, misma que tomar\u00e1n como referencia de la relaci\u00f3n que existe entre ambas partes.<\/p>\n\n\n\n<p>\u00a0\u201cHay una hoja de alta del partido\u201d, \u201cEntonces a enga\u00f1os nos hicieron darnos de alta en el partido\u201d, expres\u00f3 el ex empleado para desmentir las versiones sobre que ofrecieron su trabajo como tequio al organismo.<\/p>\n\n\n\n<figure class=\"wp-block-embed-twitter wp-block-embed is-type-rich is-provider-twitter\"><div class=\"wp-block-embed__wrapper\">\n<div class=\"twitter-tweet\"><blockquote class=\"twitter-tweet\" data-lang=\"es\"><p lang=\"es\" dir=\"ltr\"><a href=\"https:\/\/twitter.com\/hashtag\/ENVIVO?src=hash&amp;ref_src=twsrc%5Etfw\">#ENVIVO<\/a> <br>Oaxaca de Ju\u00e1rez, Oax., 9 de abril de 2021.- Ante nula respuesta y trato d\u00e9spota de dirigencia que encabeza Sesul Bola\u00f1os, j\u00f3venes a los que no les quieren pagar su quincena ingresan y \u201ctoman\u201d oficinas del Partido Morena. <br>Siga la transmisi\u00f3n:<br>\ud83d\udc47<a href=\"https:\/\/t.co\/yfrBJs2Drm\">https:\/\/t.co\/yfrBJs2Drm<\/a> <a href=\"https:\/\/t.co\/O9hwidPvGc\">pic.twitter.com\/O9hwidPvGc<\/a><\/p>&mdash; Zona Roja Oaxaca (@Zona_Roja_Oax) <a href=\"https:\/\/twitter.com\/Zona_Roja_Oax\/status\/1380600430271590407?ref_src=twsrc%5Etfw\">9 de abril de 2021<\/a><\/blockquote><\/div>\n<\/div><\/figure>\n\n\n\n<p>Pero adem\u00e1s de los capturistas, existen otras personas afectadas que fueron contratadas en distintas \u00e1reas, apuntaron, por lo que la cifra de afectados es de cerca de 80.<\/p>\n\n\n\n<p>De continuar esta situaci\u00f3n, interpondr\u00e1n una demanda laboral por el abuso que cometieron en la contrataci\u00f3n laboral y la falta de pagos. As\u00ed como interpondr\u00e1n una queja ante la Defensor\u00eda de los Derechos Humanos del Pueblo de Oaxaca.<\/p>\n\n\n\n<p>\u201cEstafadores, paguen lo que debe\u201d y \u201cMorena no cumple, corruptos\u201d, fueron algunas de las frases que&nbsp; lucieron en las cartulinas que portaban.<\/p>\n","protected":false},"excerpt":{"rendered":"<p>Yuridiana Sosa\/Zona Roja. Oaxaca de Ju\u00e1rez, Oax., 9 de abril de 2021.- Nuevamente, j\u00f3venes contratados&hellip;<\/p>\n","protected":false},"author":2,"featured_media":25758,"comment_status":"closed","ping_status":"open","sticky":false,"template":"","format":"standard","meta":{"_lmt_disableupdate":"","_lmt_disable":"","_jetpack_memberships_contains_paid_content":false,"footnotes":""},"categories":[109,47],"tags":[871,1841],"class_list":["post-25757","post","type-post","status-publish","format-standard","has-post-thumbnail","hentry","category-minuto-a-minuto","category-zona-gris","tag-partido-morena-oaxaca","tag-sesul-bolanos-lopez"],"jetpack_featured_media_url":"https:\/\/zonaroja.com.mx\/wp-content\/uploads\/2021\/04\/Protesta-en-Morena-Oaxaca.jpg","jetpack_sharing_enabled":true,"_links":{"self":[{"href":"https:\/\/zonaroja.com.mx\/index.php?rest_route=\/wp\/v2\/posts\/25757","targetHints":{"allow":["GET"]}}],"collection":[{"href":"https:\/\/zonaroja.com.mx\/index.php?rest_route=\/wp\/v2\/posts"}],"about":[{"href":"https:\/\/zonaroja.com.mx\/index.php?rest_route=\/wp\/v2\/types\/post"}],"author":[{"embeddable":true,"href":"https:\/\/zonaroja.com.mx\/index.php?rest_route=\/wp\/v2\/users\/2"}],"replies":[{"embeddable":true,"href":"https:\/\/zonaroja.com.mx\/index.php?rest_route=%2Fwp%2Fv2%2Fcomments&post=25757"}],"version-history":[{"count":1,"href":"https:\/\/zonaroja.com.mx\/index.php?rest_route=\/wp\/v2\/posts\/25757\/revisions"}],"predecessor-version":[{"id":25759,"href":"https:\/\/zonaroja.com.mx\/index.php?rest_route=\/wp\/v2\/posts\/25757\/revisions\/25759"}],"wp:featuredmedia":[{"embeddable":true,"href":"https:\/\/zonaroja.com.mx\/index.php?rest_route=\/wp\/v2\/media\/25758"}],"wp:attachment":[{"href":"https:\/\/zonaroja.com.mx\/index.php?rest_route=%2Fwp%2Fv2%2Fmedia&parent=25757"}],"wp:term":[{"taxonomy":"category","embeddable":true,"href":"https:\/\/zonaroja.com.mx\/index.php?rest_route=%2Fwp%2Fv2%2Fcategories&post=25757"},{"taxonomy":"post_tag","embeddable":true,"href":"https:\/\/zonaroja.com.mx\/index.php?rest_route=%2Fwp%2Fv2%2Ftags&post=25757"}],"curies":[{"name":"wp","href":"https:\/\/api.w.org\/{rel}","templated":true}]}}