{"id":2576,"date":"2019-07-27T21:40:00","date_gmt":"2019-07-28T02:40:00","guid":{"rendered":"http:\/\/www.zonaroja.com.mx\/?p=2576"},"modified":"2019-07-27T21:40:02","modified_gmt":"2019-07-28T02:40:02","slug":"a-la-luz-del-dia-roban-contenido-de-cajero-bancario-en-tuxtepec","status":"publish","type":"post","link":"https:\/\/zonaroja.com.mx\/?p=2576","title":{"rendered":"A la luz del d\u00eda, roban contenido de cajero bancario en Tuxtepec"},"content":{"rendered":"\n<p>Redacci\u00f3n<\/p>\n\n\n\n<p>Oaxaca de Ju\u00e1rez, Oax., 27 de julio de\n2019.- A la luz del d\u00eda y en el centro de la ciudad de San Juan Bautista\nTuxtepec, sujetos desconocidos robaron el contenido de un cajero autom\u00e1tico.<\/p>\n\n\n\n<p>El delito se perpetr\u00f3 alrededor de las\nocho de la ma\u00f1ana de este s\u00e1bado, en el local ubicado sobre la avenida\nIndependencia, entre la calle Riva Palacio y bulevar Benito Ju\u00e1rez, de la colonia\nLa Piragua.<\/p>\n\n\n\n<p>Presuntamente los asaltantes contaban\ncon las herramientas adecuadas para abrir el cajero sin forzarlo, tras lo cual\nse apoderaron del dinero y se dieron a la fuga.<\/p>\n\n\n\n<p>Integrantes de la Polic\u00eda Vial, Polic\u00eda Estatal y de la Guardia Nacional, arribaron posteriormente al lugar e iniciaron patrullajes de b\u00fasqueda, pero sin resultado alguno. El pasado 24 de julio, el titular de Seguridad P\u00fablica, Ra\u00fal Ernesto Salcedo, y otros mandos, se reunieron con el edil Fernando Bautista D\u00e1vila, presuntamente para reforzar los esquemas de seguridad.<\/p>\n\n\n\n<figure class=\"wp-block-embed-twitter wp-block-embed is-type-rich is-provider-twitter\"><div class=\"wp-block-embed__wrapper\">\n<div class=\"twitter-tweet\"><blockquote class=\"twitter-tweet\" data-lang=\"es\"><p lang=\"es\" dir=\"ltr\">En nuestra Entidad, sumamos esfuerzos con la <a href=\"https:\/\/twitter.com\/hashtag\/GuardiaNacional?src=hash&amp;ref_src=twsrc%5Etfw\">#GuardiaNacional<\/a>; se concretan acciones firmes por un <a href=\"https:\/\/twitter.com\/hashtag\/OaxacaSeguro?src=hash&amp;ref_src=twsrc%5Etfw\">#OaxacaSeguro<\/a>. Participa el Srio. Ra\u00fal Ernesto Salcedo Rosales en la reuni\u00f3n de coordinaci\u00f3n interinstitucional en <a href=\"https:\/\/twitter.com\/hashtag\/Tuxtepec?src=hash&amp;ref_src=twsrc%5Etfw\">#Tuxtepec<\/a>. Juntos por la construcci\u00f3n de la paz. <a href=\"https:\/\/twitter.com\/hashtag\/Oaxaca?src=hash&amp;ref_src=twsrc%5Etfw\">#Oaxaca<\/a> <a href=\"https:\/\/t.co\/ic59lfiCQd\">pic.twitter.com\/ic59lfiCQd<\/a><\/p>&mdash; Sr\u00eda. Seg. P\u00fab. Oax. (@SSP_GobOax) <a href=\"https:\/\/twitter.com\/SSP_GobOax\/status\/1154117168092647425?ref_src=twsrc%5Etfw\">24 de julio de 2019<\/a><\/blockquote><\/div>\n<\/div><\/figure>\n","protected":false},"excerpt":{"rendered":"<p>Redacci\u00f3n Oaxaca de Ju\u00e1rez, Oax., 27 de julio de 2019.- A la luz del d\u00eda&hellip;<\/p>\n","protected":false},"author":2,"featured_media":2577,"comment_status":"closed","ping_status":"open","sticky":false,"template":"","format":"standard","meta":{"_lmt_disableupdate":"","_lmt_disable":"","_jetpack_memberships_contains_paid_content":false,"footnotes":""},"categories":[109,51],"tags":[415],"class_list":["post-2576","post","type-post","status-publish","format-standard","has-post-thumbnail","hentry","category-minuto-a-minuto","category-zona-roja","tag-roban-cajero-en-tuxtepec"],"jetpack_featured_media_url":"https:\/\/zonaroja.com.mx\/wp-content\/uploads\/2019\/07\/Cajero-Bancomer.jpg","jetpack_sharing_enabled":true,"_links":{"self":[{"href":"https:\/\/zonaroja.com.mx\/index.php?rest_route=\/wp\/v2\/posts\/2576","targetHints":{"allow":["GET"]}}],"collection":[{"href":"https:\/\/zonaroja.com.mx\/index.php?rest_route=\/wp\/v2\/posts"}],"about":[{"href":"https:\/\/zonaroja.com.mx\/index.php?rest_route=\/wp\/v2\/types\/post"}],"author":[{"embeddable":true,"href":"https:\/\/zonaroja.com.mx\/index.php?rest_route=\/wp\/v2\/users\/2"}],"replies":[{"embeddable":true,"href":"https:\/\/zonaroja.com.mx\/index.php?rest_route=%2Fwp%2Fv2%2Fcomments&post=2576"}],"version-history":[{"count":1,"href":"https:\/\/zonaroja.com.mx\/index.php?rest_route=\/wp\/v2\/posts\/2576\/revisions"}],"predecessor-version":[{"id":2578,"href":"https:\/\/zonaroja.com.mx\/index.php?rest_route=\/wp\/v2\/posts\/2576\/revisions\/2578"}],"wp:featuredmedia":[{"embeddable":true,"href":"https:\/\/zonaroja.com.mx\/index.php?rest_route=\/wp\/v2\/media\/2577"}],"wp:attachment":[{"href":"https:\/\/zonaroja.com.mx\/index.php?rest_route=%2Fwp%2Fv2%2Fmedia&parent=2576"}],"wp:term":[{"taxonomy":"category","embeddable":true,"href":"https:\/\/zonaroja.com.mx\/index.php?rest_route=%2Fwp%2Fv2%2Fcategories&post=2576"},{"taxonomy":"post_tag","embeddable":true,"href":"https:\/\/zonaroja.com.mx\/index.php?rest_route=%2Fwp%2Fv2%2Ftags&post=2576"}],"curies":[{"name":"wp","href":"https:\/\/api.w.org\/{rel}","templated":true}]}}