{"id":25760,"date":"2021-04-09T20:39:19","date_gmt":"2021-04-10T01:39:19","guid":{"rendered":"http:\/\/www.zonaroja.com.mx\/?p=25760"},"modified":"2021-04-09T20:39:23","modified_gmt":"2021-04-10T01:39:23","slug":"pri-presenta-queja-al-ine-contra-lopez-nelio-por-uso-de-padron-bienestar-a-favor-del-pt","status":"publish","type":"post","link":"https:\/\/zonaroja.com.mx\/?p=25760","title":{"rendered":"PRI presenta queja al INE contra L\u00f3pez Nelio por uso de padr\u00f3n Bienestar a favor del PT"},"content":{"rendered":"\n<p>Yuridiana Sosa\/Zona Roja.<\/p>\n\n\n\n<p>Oaxaca de Ju\u00e1rez, Oax., 9 de abril de 2021.- Por el presunto uso del padr\u00f3n de programas Bienestar a favor de Benjam\u00edn Robles Montoya en su reelecci\u00f3n como diputado federal por el  PT, el Partido Revolucionario Institucional present\u00f3 una denuncia ante el INE.<\/p>\n\n\n\n<p>El representante del PRI en Oaxaca ante el Consejo General del Instituto Nacional Electoral (INE), El\u00edas Cort\u00e9s, anunci\u00f3 que present\u00f3 la denuncia para que se inicie un \u201cProcedimiento Especial Sancionador\u201d por la violaci\u00f3n a las normas sobre propaganda gubernamental.<\/p>\n\n\n\n<p>La denuncia indica como responsable del posible delito electoral a Lenin L\u00f3pez Nelio L\u00f3pez en su car\u00e1cter de candidato suplente a diputado federal \u2013de Benjam\u00edn Robles Montoya- por el Distrito 8 con cabecera en Oaxaca de Ju\u00e1rez por el Partido del Trabajo (PT).<\/p>\n\n\n\n<p>En su cuenta de Twitter, el representante del PRI, indic\u00f3 que la queja es con relaci\u00f3n al audio que se filtr\u00f3 en redes sociales y en el que se escucha a L\u00f3pez Nelio realizar estrategias pol\u00edticas electorales ocupando los padrones de los programas sociales federales.<\/p>\n\n\n\n<figure class=\"wp-block-embed-twitter wp-block-embed is-type-rich is-provider-twitter\"><div class=\"wp-block-embed__wrapper\">\n<div class=\"twitter-tweet\"><blockquote class=\"twitter-tweet\" data-lang=\"es\"><p lang=\"es\" dir=\"ltr\">He presentado queja ante \u2066<a href=\"https:\/\/twitter.com\/INE_Oaxaca?ref_src=twsrc%5Etfw\">@INE_Oaxaca<\/a>\u2069 contra \u2066<a href=\"https:\/\/twitter.com\/lopezneliolenin?ref_src=twsrc%5Etfw\">@lopezneliolenin<\/a>\u2069 , por un audio circulado en redes, en el que hace referencia de una estrategia electoral, utilizando padrones de beneficiarios de programas sociales. Este tipo de conductas contravienen los principios&#8230; <a href=\"https:\/\/t.co\/OtO6pjIre2\">pic.twitter.com\/OtO6pjIre2<\/a><\/p>&mdash; El\u00edas Cort\u00e9s L\u00f3pez (@almarebelde09) <a href=\"https:\/\/twitter.com\/almarebelde09\/status\/1380639682543910914?ref_src=twsrc%5Etfw\">9 de abril de 2021<\/a><\/blockquote><\/div>\n<\/div><\/figure>\n\n\n\n<p>En el audio Lenin L\u00f3pez da instrucciones a una persona: \u201cTe vamos a dar un material s\u00faper valioso y eso s\u00f3lo se lo vamos a entregar a la licenciada para que, con toda la confianza, tenemos, lo voy a decir, aunque seas nuevo, tenemos el padr\u00f3n de beneficiarios de todos los programas sociales, adultos mayores, j\u00f3venes construyendo el futuro, sabemos d\u00f3nde viven, porque lo tenemos en una plataforma, por eso van hacer tiro con precisi\u00f3n esta vez\u201d.<\/p>\n\n\n\n<p>A lo que El\u00edas Cortes dijo que ese tipo de conductas contraviene a los principios rectores de la funci\u00f3n electoral.<\/p>\n\n\n\n<p>As\u00ed tambi\u00e9n, expuso, solicitan al \u00f3rgano electoral que inicie las investigaciones correspondientes mediante el principio \u201cculpa in vigilando\u201d a la delegada de los programas Bienestar, Nancy Ortiz Cabrera.<\/p>\n\n\n\n<p>Mientras que dieron vista a la Fiscal\u00eda General de Oaxaca por los hechos que pudieran constituir en delitos electorales.<\/p>\n\n\n\n<p>Por su parte, Lenin L\u00f3pez Nelio indic\u00f3 que se trata de un editado y sacado de contexto.<\/p>\n","protected":false},"excerpt":{"rendered":"<p>Yuridiana Sosa\/Zona Roja. Oaxaca de Ju\u00e1rez, Oax., 9 de abril de 2021.- Por el presunto&hellip;<\/p>\n","protected":false},"author":2,"featured_media":25761,"comment_status":"closed","ping_status":"open","sticky":false,"template":"","format":"standard","meta":{"_lmt_disableupdate":"","_lmt_disable":"","_jetpack_memberships_contains_paid_content":false,"footnotes":""},"categories":[109,47],"tags":[2595],"class_list":["post-25760","post","type-post","status-publish","format-standard","has-post-thumbnail","hentry","category-minuto-a-minuto","category-zona-gris","tag-lenin-lopez-nelio"],"jetpack_featured_media_url":"https:\/\/zonaroja.com.mx\/wp-content\/uploads\/2021\/04\/PT-Lenin-y-Benjamin-Robles.jpg","jetpack_sharing_enabled":true,"_links":{"self":[{"href":"https:\/\/zonaroja.com.mx\/index.php?rest_route=\/wp\/v2\/posts\/25760","targetHints":{"allow":["GET"]}}],"collection":[{"href":"https:\/\/zonaroja.com.mx\/index.php?rest_route=\/wp\/v2\/posts"}],"about":[{"href":"https:\/\/zonaroja.com.mx\/index.php?rest_route=\/wp\/v2\/types\/post"}],"author":[{"embeddable":true,"href":"https:\/\/zonaroja.com.mx\/index.php?rest_route=\/wp\/v2\/users\/2"}],"replies":[{"embeddable":true,"href":"https:\/\/zonaroja.com.mx\/index.php?rest_route=%2Fwp%2Fv2%2Fcomments&post=25760"}],"version-history":[{"count":1,"href":"https:\/\/zonaroja.com.mx\/index.php?rest_route=\/wp\/v2\/posts\/25760\/revisions"}],"predecessor-version":[{"id":25762,"href":"https:\/\/zonaroja.com.mx\/index.php?rest_route=\/wp\/v2\/posts\/25760\/revisions\/25762"}],"wp:featuredmedia":[{"embeddable":true,"href":"https:\/\/zonaroja.com.mx\/index.php?rest_route=\/wp\/v2\/media\/25761"}],"wp:attachment":[{"href":"https:\/\/zonaroja.com.mx\/index.php?rest_route=%2Fwp%2Fv2%2Fmedia&parent=25760"}],"wp:term":[{"taxonomy":"category","embeddable":true,"href":"https:\/\/zonaroja.com.mx\/index.php?rest_route=%2Fwp%2Fv2%2Fcategories&post=25760"},{"taxonomy":"post_tag","embeddable":true,"href":"https:\/\/zonaroja.com.mx\/index.php?rest_route=%2Fwp%2Fv2%2Ftags&post=25760"}],"curies":[{"name":"wp","href":"https:\/\/api.w.org\/{rel}","templated":true}]}}