{"id":25778,"date":"2021-04-09T21:30:34","date_gmt":"2021-04-10T02:30:34","guid":{"rendered":"http:\/\/www.zonaroja.com.mx\/?p=25778"},"modified":"2021-04-09T21:30:38","modified_gmt":"2021-04-10T02:30:38","slug":"ama-de-casa-y-policia-las-mas-recientes-victimas-de-la-violencia-feminicida-en-oaxaca","status":"publish","type":"post","link":"https:\/\/zonaroja.com.mx\/?p=25778","title":{"rendered":"Ama de casa y polic\u00eda, las m\u00e1s recientes v\u00edctimas de la violencia feminicida en Oaxaca"},"content":{"rendered":"\n<p>Evlin Arag\u00f3n\/Zona Roja.<\/p>\n\n\n\n<p>Oaxaca de Ju\u00e1rez, Oax., 9 de abril de 2021.- El dram\u00e1tico conteo de casos de feminicidios en Oaxaca sigue al alza; 522 mujeres han sido asesinadas en lo que va de la administraci\u00f3n actual.&nbsp;<\/p>\n\n\n\n<p>De la cifra anterior, 27 asesinatos violentos se han registrado del 1 de enero al 8 de abril, de acuerdo con el seguimiento hemerogr\u00e1fico del Centro de Documentaci\u00f3n del Grupo de Estudios sobre la Mujer \u201cRosario Castellanos\u201d (GES Mujer).<\/p>\n\n\n\n<p>Reyna Isabel, ama de casa; y Elizabeth, polic\u00eda de profesi\u00f3n, son las m\u00e1s recientes v\u00edctima de la violencia feminicida en Oaxaca.<\/p>\n\n\n\n<p>La ma\u00f1ana del 29 de marzo y como lo hac\u00eda de manera habitual, Reyna Isabel sali\u00f3 de su vivienda, ubicada en una localidad Putla Villa de Guerrero, en b\u00fasqueda de le\u00f1a para prender el fog\u00f3n y alimentar a su familia. Sali\u00f3 r\u00e1pido y sin despedirse, pues no pensaba dilatarse. Sin embargo, despu\u00e9s de eso nadie supo de su paradero.&nbsp;<\/p>\n\n\n\n<p>Al d\u00eda siguiente el cuerpo sin vida, de la madre de cinco menores de edad, fue localizado con varias heridas de un arma punzo cortante.<\/p>\n\n\n\n<p>Elizabeth por su parte muri\u00f3 el \u201cS\u00e1bado de Gloria\u201d en una emboscada, mientras cumpl\u00eda con su deber. Ella junto con otras dos personas fueron acribillados con armas de fuego y posteriormente quemados al interior de la patrulla en la que realizaban recorridos de vigilancia, en el municipio de San Pablo Coatl\u00e1n.&nbsp;<\/p>\n\n\n\n<p>De acuerdo con GES Mujer, las regiones m\u00e1s riesgosas para las mujeres son: Costa, Istmo y Valles Centrales, en lo que va del a\u00f1o; mientras que la Sierra Norte y Mixteca no han notificado ning\u00fan feminicidio hasta el momento.&nbsp;<\/p>\n\n\n\n<p>Las mujeres en un rango de edad de 30 a 44 a\u00f1os de edad han sido las m\u00e1s afectadas por la violencia feminicida, sin embargo, tambi\u00e9n hay reportes de asesinatos de mujeres de 13 a 60 a\u00f1os, en la entidad.<\/p>\n\n\n\n<p>El impacto de bala sigue siendo la principal causa de muerte de las mujeres, seguida de machetazos, estrangulaci\u00f3n, degollaci\u00f3n y golpes.<\/p>\n\n\n\n<p>Y sus cuerpos han sido localizados al interior de sus viviendas, comercio o veh\u00edculos; a orilla de carretera, lote bald\u00edo o camino de terracer\u00eda; en un barranco, poblado lejano, r\u00edo o canal de aguas negras; e incluso en la v\u00eda p\u00fablica.<\/p>\n\n\n\n<p>S\u00f3lo en dos de los casos se ha identificado plenamente a los agresores, siendo pareja sentimental de las v\u00edctimas.&nbsp;&nbsp;&nbsp;&nbsp;<\/p>\n","protected":false},"excerpt":{"rendered":"<p>Evlin Arag\u00f3n\/Zona Roja. Oaxaca de Ju\u00e1rez, Oax., 9 de abril de 2021.- El dram\u00e1tico conteo&hellip;<\/p>\n","protected":false},"author":2,"featured_media":25411,"comment_status":"closed","ping_status":"open","sticky":false,"template":"","format":"standard","meta":{"_lmt_disableupdate":"","_lmt_disable":"","_jetpack_memberships_contains_paid_content":false,"footnotes":""},"categories":[109,47],"tags":[2534],"class_list":["post-25778","post","type-post","status-publish","format-standard","has-post-thumbnail","hentry","category-minuto-a-minuto","category-zona-gris","tag-grupo-de-estudios-sobre-la-mujer-rosario-castellanos-2"],"jetpack_featured_media_url":"https:\/\/zonaroja.com.mx\/wp-content\/uploads\/2021\/04\/Justicia-para-Isabel.jpg","jetpack_sharing_enabled":true,"_links":{"self":[{"href":"https:\/\/zonaroja.com.mx\/index.php?rest_route=\/wp\/v2\/posts\/25778","targetHints":{"allow":["GET"]}}],"collection":[{"href":"https:\/\/zonaroja.com.mx\/index.php?rest_route=\/wp\/v2\/posts"}],"about":[{"href":"https:\/\/zonaroja.com.mx\/index.php?rest_route=\/wp\/v2\/types\/post"}],"author":[{"embeddable":true,"href":"https:\/\/zonaroja.com.mx\/index.php?rest_route=\/wp\/v2\/users\/2"}],"replies":[{"embeddable":true,"href":"https:\/\/zonaroja.com.mx\/index.php?rest_route=%2Fwp%2Fv2%2Fcomments&post=25778"}],"version-history":[{"count":1,"href":"https:\/\/zonaroja.com.mx\/index.php?rest_route=\/wp\/v2\/posts\/25778\/revisions"}],"predecessor-version":[{"id":25779,"href":"https:\/\/zonaroja.com.mx\/index.php?rest_route=\/wp\/v2\/posts\/25778\/revisions\/25779"}],"wp:featuredmedia":[{"embeddable":true,"href":"https:\/\/zonaroja.com.mx\/index.php?rest_route=\/wp\/v2\/media\/25411"}],"wp:attachment":[{"href":"https:\/\/zonaroja.com.mx\/index.php?rest_route=%2Fwp%2Fv2%2Fmedia&parent=25778"}],"wp:term":[{"taxonomy":"category","embeddable":true,"href":"https:\/\/zonaroja.com.mx\/index.php?rest_route=%2Fwp%2Fv2%2Fcategories&post=25778"},{"taxonomy":"post_tag","embeddable":true,"href":"https:\/\/zonaroja.com.mx\/index.php?rest_route=%2Fwp%2Fv2%2Ftags&post=25778"}],"curies":[{"name":"wp","href":"https:\/\/api.w.org\/{rel}","templated":true}]}}