{"id":25783,"date":"2021-04-09T22:20:09","date_gmt":"2021-04-10T03:20:09","guid":{"rendered":"http:\/\/www.zonaroja.com.mx\/?p=25783"},"modified":"2021-04-09T22:58:02","modified_gmt":"2021-04-10T03:58:02","slug":"covid-fatal-44-muertes-y-186-positivos-pero-oaxaca-va-a-semaforo-verde","status":"publish","type":"post","link":"https:\/\/zonaroja.com.mx\/?p=25783","title":{"rendered":"Covid fatal: 44 muertes y 186 positivos\u2026 pero Oaxaca va a sem\u00e1foro verde"},"content":{"rendered":"\n<p>Redacci\u00f3n\/Zona Roja.<\/p>\n\n\n\n<p>Oaxaca de Ju\u00e1rez, Oax., 9 de abril de 2021.- A pesar del alto n\u00famero de contagios de Covid-19, Oaxaca iniciar\u00e1 el pr\u00f3ximo lunes dos semanas en sem\u00e1foro epidemiol\u00f3gico verde, inform\u00f3 hoy la Secretar\u00eda de Salud del gobierno federal.<\/p>\n\n\n\n<p>Esta entidad y siete m\u00e1s de la Rep\u00fablica Mexicana son las que ingresan a dicho nivel, que significa menor riesgo de contagio; en tanto, no hay ya ning\u00fan estado en sem\u00e1foro rojo y quedan cinco en sem\u00e1foro naranja y 15 en sem\u00e1foro amarillo.<\/p>\n\n\n\n<p>LOS DATOS<\/p>\n\n\n\n<p>De acuerdo con un comunicado de los Servicios de Salud de Oaxaca (SSO), en las \u00faltimas 24 horas se registraron 44 fallecimientos a causa del virus, as\u00ed como 186 casos positivos.<\/p>\n\n\n\n<p>Detall\u00f3 que se han notificado 70 mil 842 casos de los cuales 21 mil 779 han sido negativos, hay cuatro mil 545 sospechosos, 40 mil 813 se han recuperado y lamentablemente se registran tres mil 322 defunciones acumuladas; hay 383 casos activos.<\/p>\n\n\n\n<p>Destac\u00f3 que la Jurisdicci\u00f3n Sanitaria n\u00famero uno Valles Centrales registra 30 mil 453 casos confirmados y mil 771 defunciones, Istmo tres mil 660 y 527 decesos, Tuxtepec dos mil 889 y 336 muertes, Costa dos mil 203 y 227 p\u00e9rdidas fatales, Mixteca tres mil 760 y 318 fallecimientos, y la Sierra mil 553 y 143 defunciones.<\/p>\n\n\n\n<p>Se\u00f1al\u00f3 que los 186 casos nuevos se ubican en 52 municipios, siendo los que mayor n\u00famero de casos presentan: Oaxaca de Ju\u00e1rez con 52, Cosolapa 20, Santa Cruz Xoxocotl\u00e1n 10, Huajuapan de Le\u00f3n y San Pablo Etla ocho cada uno, Santa Luc\u00eda del Camino siete,  San Jacinto Amilpas y San Juan Bautista Tuxtepec cinco cada uno; el resto cuatro, tres, dos y un caso.<\/p>\n\n\n\n<p>Dijo que en ocupaci\u00f3n hospitalaria a la fecha se tiene una tasa total de 604 camas, de las cuales hay disponibles 449 y 155 ocupadas. La Jurisdicci\u00f3n Sanitaria de Valles centrales tiene una tasa del 29.9%, Tuxtepec 37.9%, Mixteca 33.3%, Istmo 12.5%, Costa 18.9 y la Sierra 0 %.<\/p>\n\n\n\n<figure class=\"wp-block-embed-twitter wp-block-embed is-type-rich is-provider-twitter\"><div class=\"wp-block-embed__wrapper\">\n<div class=\"twitter-tweet\"><blockquote class=\"twitter-tweet\" data-lang=\"es\"><p lang=\"es\" dir=\"ltr\"><a href=\"https:\/\/twitter.com\/hashtag\/%C3%9AltimoMinuto?src=hash&amp;ref_src=twsrc%5Etfw\">#\u00daltimoMinuto<\/a><br>Mientras se anuncia que <a href=\"https:\/\/twitter.com\/hashtag\/Oaxaca?src=hash&amp;ref_src=twsrc%5Etfw\">#Oaxaca<\/a> pasar\u00e1 a sem\u00e1foro verde, este viernes se registraron 44 fallecimientos por Covid, con lo que suman tres mil 322 decesos.<br>Adem\u00e1s, 186 casos positivos, para un total de 44 mil 518 casos acumulados.<br>Hay cinco hospitales saturados. <a href=\"https:\/\/t.co\/rl7q6JnH4t\">pic.twitter.com\/rl7q6JnH4t<\/a><\/p>&mdash; Zona Roja Oaxaca (@Zona_Roja_Oax) <a href=\"https:\/\/twitter.com\/Zona_Roja_Oax\/status\/1380688644273545216?ref_src=twsrc%5Etfw\">10 de abril de 2021<\/a><\/blockquote><\/div>\n<\/div><\/figure>\n\n\n\n<p>HAY RIESGO<\/p>\n\n\n\n<p>Por su parte, el gobernador de Oaxaca, Alejandro Murat Hinojosa, dio un mensaje a trav\u00e9s de un video, la noche de este viernes, en que advirti\u00f3 que \u201cel Covid sigue siendo mortal para la mayor\u00eda de la poblaci\u00f3n\u201d.<\/p>\n\n\n\n<p>Conmin\u00f3 a oaxaque\u00f1os a redoblar esfuerzos para mantener los niveles de ocupaci\u00f3n hospitalaria que hoy se encuentran en 24% y se siga reduciendo el n\u00famero de contagios en el estado.<\/p>\n\n\n\n<p>\u201cPero a\u00fan, cuando el horizonte se ve favorable, no debemos de bajar la guardia; el Covid sigue siendo mortal para la mayor\u00eda de la poblaci\u00f3n, por eso recuerda que, si te cuidas t\u00fa, nos cuidamos todos\u201d, se\u00f1al\u00f3.<\/p>\n\n\n\n<p>\u201cEn la primera ola de contagios, nos guardamos; ante la saturaci\u00f3n, nos unimos, como sociedad hemos sido responsables\u201d, remarc\u00f3.<\/p>\n\n\n\n<p>Por lo que reiter\u00f3 el uso en todo momento de las medidas de mitigaci\u00f3n como, de manera permanente, en la v\u00eda p\u00fablica cubrebocas desde la barbilla hasta la nariz, lavado de manos y distanciamiento social y especialmente, quedarse en casa.<\/p>\n\n\n\n<p>Durante su mensaje, el gobernador tambi\u00e9n reconoci\u00f3 y agradeci\u00f3 el esfuerzo de todas las trabajadoras y trabajadores del sector Salud, por esas horas exhaustivas que han enfrentado para salvaguardar la vida de las y los oaxaque\u00f1os.<\/p>\n\n\n\n<p>Finalmente, mencion\u00f3 que Oaxaca va avanzando en la lucha contra el Covid-19, ya que en los pr\u00f3ximos 15 d\u00edas se concluir\u00e1 de vacunar -con la primera dosis- a todas y todos los adultos mayores del estado.<\/p>\n\n\n\n<figure class=\"wp-block-embed-twitter wp-block-embed is-type-rich is-provider-twitter\"><div class=\"wp-block-embed__wrapper\">\n<div class=\"twitter-tweet\"><blockquote class=\"twitter-tweet\" data-lang=\"es\"><p lang=\"es\" dir=\"ltr\"><a href=\"https:\/\/twitter.com\/hashtag\/%C3%9AltimoMinuto?src=hash&amp;ref_src=twsrc%5Etfw\">#\u00daltimoMinuto<\/a><br>Mientras se anuncia que <a href=\"https:\/\/twitter.com\/hashtag\/Oaxaca?src=hash&amp;ref_src=twsrc%5Etfw\">#Oaxaca<\/a> pasar\u00e1 a sem\u00e1foro verde, este viernes se registraron 44 fallecimientos por Covid, con lo que suman tres mil 322 decesos.<br>Adem\u00e1s, 186 casos positivos, para un total de 44 mil 518 casos acumulados.<br>Hay cinco hospitales saturados. <a href=\"https:\/\/t.co\/rl7q6JnH4t\">pic.twitter.com\/rl7q6JnH4t<\/a><\/p>&mdash; Zona Roja Oaxaca (@Zona_Roja_Oax) <a href=\"https:\/\/twitter.com\/Zona_Roja_Oax\/status\/1380688644273545216?ref_src=twsrc%5Etfw\">10 de abril de 2021<\/a><\/blockquote><\/div>\n<\/div><\/figure>\n","protected":false},"excerpt":{"rendered":"<p>Redacci\u00f3n\/Zona Roja. Oaxaca de Ju\u00e1rez, Oax., 9 de abril de 2021.- A pesar del alto&hellip;<\/p>\n","protected":false},"author":2,"featured_media":25784,"comment_status":"closed","ping_status":"open","sticky":false,"template":"","format":"standard","meta":{"_lmt_disableupdate":"","_lmt_disable":"","_jetpack_memberships_contains_paid_content":false,"footnotes":""},"categories":[109,47],"tags":[1512],"class_list":["post-25783","post","type-post","status-publish","format-standard","has-post-thumbnail","hentry","category-minuto-a-minuto","category-zona-gris","tag-coronavirus-oaxaca"],"jetpack_featured_media_url":"https:\/\/zonaroja.com.mx\/wp-content\/uploads\/2021\/04\/Covid-9abr.jpg","jetpack_sharing_enabled":true,"_links":{"self":[{"href":"https:\/\/zonaroja.com.mx\/index.php?rest_route=\/wp\/v2\/posts\/25783","targetHints":{"allow":["GET"]}}],"collection":[{"href":"https:\/\/zonaroja.com.mx\/index.php?rest_route=\/wp\/v2\/posts"}],"about":[{"href":"https:\/\/zonaroja.com.mx\/index.php?rest_route=\/wp\/v2\/types\/post"}],"author":[{"embeddable":true,"href":"https:\/\/zonaroja.com.mx\/index.php?rest_route=\/wp\/v2\/users\/2"}],"replies":[{"embeddable":true,"href":"https:\/\/zonaroja.com.mx\/index.php?rest_route=%2Fwp%2Fv2%2Fcomments&post=25783"}],"version-history":[{"count":2,"href":"https:\/\/zonaroja.com.mx\/index.php?rest_route=\/wp\/v2\/posts\/25783\/revisions"}],"predecessor-version":[{"id":25786,"href":"https:\/\/zonaroja.com.mx\/index.php?rest_route=\/wp\/v2\/posts\/25783\/revisions\/25786"}],"wp:featuredmedia":[{"embeddable":true,"href":"https:\/\/zonaroja.com.mx\/index.php?rest_route=\/wp\/v2\/media\/25784"}],"wp:attachment":[{"href":"https:\/\/zonaroja.com.mx\/index.php?rest_route=%2Fwp%2Fv2%2Fmedia&parent=25783"}],"wp:term":[{"taxonomy":"category","embeddable":true,"href":"https:\/\/zonaroja.com.mx\/index.php?rest_route=%2Fwp%2Fv2%2Fcategories&post=25783"},{"taxonomy":"post_tag","embeddable":true,"href":"https:\/\/zonaroja.com.mx\/index.php?rest_route=%2Fwp%2Fv2%2Ftags&post=25783"}],"curies":[{"name":"wp","href":"https:\/\/api.w.org\/{rel}","templated":true}]}}