{"id":25787,"date":"2021-04-10T07:21:21","date_gmt":"2021-04-10T12:21:21","guid":{"rendered":"http:\/\/www.zonaroja.com.mx\/?p=25787"},"modified":"2021-04-10T07:21:23","modified_gmt":"2021-04-10T12:21:23","slug":"tribunal-electoral-se-deslinda-de-casos-salgado-y-moron-y-los-regresa-al-ine","status":"publish","type":"post","link":"https:\/\/zonaroja.com.mx\/?p=25787","title":{"rendered":"Tribunal Electoral se deslinda de casos Salgado y Mor\u00f3n, y los regresa al INE"},"content":{"rendered":"\n<p>Redacci\u00f3n\/Zona Roja Cdmx.<\/p>\n\n\n\n<p>Ciudad de M\u00e9xico, 10 de abril de 2021.- La Sala Superior del Tribunal Electoral del Poder Judicial de la Federaci\u00f3n (TEPJF) revoc\u00f3 parcialmente el acuerdo del Instituto Nacional Electoral (INE) para que en las pr\u00f3ximas 48 horas el organismo electoral determine una nueva sanci\u00f3n para los precandidatos de Morena a los gobiernos de Guerrero, F\u00e9lix Salgado Macedonio, y Michoac\u00e1n, Ra\u00fal Mor\u00f3n.<\/p>\n\n\n\n<p>Con esto crece la agon\u00eda para los dos morenistas, ya que, por mayor\u00eda de votos, los magistrados resolvieron devolver ambos casos al INE, para que realicen una sanci\u00f3n de manera individualizada, es decir, para cada candidato y no en conjunto.<\/p>\n\n\n\n<p>Los magistrados confirmaron que Salgado Macedonio s\u00ed hizo precampa\u00f1a, pero no present\u00f3 al Instituto Nacional Electoral los informes de gastos correspondientes, por lo que podr\u00eda ameritar una sanci\u00f3n grave como la p\u00e9rdida del registro; mientras que Ra\u00fal Mor\u00f3n present\u00f3 sus informes de gastos de precampa\u00f1a de manera extempor\u00e1nea, por lo que se abre la puerta para que le restituyan la candidatura.<\/p>\n\n\n\n<p>En el caso de F\u00e9lix Salgado Macedonio, la Sala Superior revis\u00f3 videos con los que se confirma que el morenista s\u00ed realiz\u00f3 actos de precampa\u00f1a y se confirma la sanci\u00f3n econ\u00f3mica impuesta. No obstante, en el caso de la p\u00e9rdida del registro el tribunal pide que se individualice la sanci\u00f3n para cada precandidato de Morena al gobierno de Guerrero: Pablo Am\u00edlcar Sandoval Ballesteros, Luis Walton Aburto, Adela Rom\u00e1n Ocampo y Salgado Macedonio.<\/p>\n\n\n\n<p>En la sesi\u00f3n se registr\u00f3 una clara divisi\u00f3n, ya que los magistrados plantearon dos escenarios: el primero es que se tome en cuenta que F\u00e9lix Salgado, como todos los ciudadanos, tiene el derecho a ser votado; mientras que el segundo es que se aplique la ley, ya que, al no presentar sus informes de gastos de precampa\u00f1a, se confirma que no podr\u00e1 ser registrado en la candidatura.<\/p>\n\n\n\n<p>La magistrada Janine M. Ot\u00e1lora Malassis fue tajante en la sesi\u00f3n, ya que afirm\u00f3 que Salgado Macedonio, quien sali\u00f3 vencedor del proceso interno como candidato, no present\u00f3 el informe, pues no podr\u00e1n ser registrados en la candidatura, ya se encuentra en omisi\u00f3n y la ley precisa una infracci\u00f3n m\u00e1s grave.<\/p>\n\n\n\n<p>En el caso de Ra\u00fal Mor\u00f3n, los magistrados confirmaron que el michoacano realiz\u00f3 actos de precampa\u00f1a, pero s\u00ed present\u00f3 sus informes tres d\u00edas despu\u00e9s del cierre oficial, es decir de manera extempor\u00e1nea.<\/p>\n\n\n\n<p>Aunque no lo dijeron textualmente, esto le estar\u00eda dando la posibilidad de restituir su candidatura al gobierno de Michoac\u00e1n, pero eso lo decidir\u00e1 el INE.<\/p>\n\n\n\n<p>(Informaci\u00f3n de \u201cEl Heraldo de M\u00e9xico\u201d)<\/p>\n","protected":false},"excerpt":{"rendered":"<p>Redacci\u00f3n\/Zona Roja Cdmx. Ciudad de M\u00e9xico, 10 de abril de 2021.- La Sala Superior del&hellip;<\/p>\n","protected":false},"author":2,"featured_media":25788,"comment_status":"closed","ping_status":"open","sticky":false,"template":"","format":"standard","meta":{"_lmt_disableupdate":"","_lmt_disable":"","_jetpack_memberships_contains_paid_content":false,"footnotes":""},"categories":[109,47],"tags":[2352,2597],"class_list":["post-25787","post","type-post","status-publish","format-standard","has-post-thumbnail","hentry","category-minuto-a-minuto","category-zona-gris","tag-felix-salgado-macedonio","tag-raul-moron"],"jetpack_featured_media_url":"https:\/\/zonaroja.com.mx\/wp-content\/uploads\/2021\/04\/Felix-Salgado-y-Moron.jpg","jetpack_sharing_enabled":true,"_links":{"self":[{"href":"https:\/\/zonaroja.com.mx\/index.php?rest_route=\/wp\/v2\/posts\/25787","targetHints":{"allow":["GET"]}}],"collection":[{"href":"https:\/\/zonaroja.com.mx\/index.php?rest_route=\/wp\/v2\/posts"}],"about":[{"href":"https:\/\/zonaroja.com.mx\/index.php?rest_route=\/wp\/v2\/types\/post"}],"author":[{"embeddable":true,"href":"https:\/\/zonaroja.com.mx\/index.php?rest_route=\/wp\/v2\/users\/2"}],"replies":[{"embeddable":true,"href":"https:\/\/zonaroja.com.mx\/index.php?rest_route=%2Fwp%2Fv2%2Fcomments&post=25787"}],"version-history":[{"count":1,"href":"https:\/\/zonaroja.com.mx\/index.php?rest_route=\/wp\/v2\/posts\/25787\/revisions"}],"predecessor-version":[{"id":25789,"href":"https:\/\/zonaroja.com.mx\/index.php?rest_route=\/wp\/v2\/posts\/25787\/revisions\/25789"}],"wp:featuredmedia":[{"embeddable":true,"href":"https:\/\/zonaroja.com.mx\/index.php?rest_route=\/wp\/v2\/media\/25788"}],"wp:attachment":[{"href":"https:\/\/zonaroja.com.mx\/index.php?rest_route=%2Fwp%2Fv2%2Fmedia&parent=25787"}],"wp:term":[{"taxonomy":"category","embeddable":true,"href":"https:\/\/zonaroja.com.mx\/index.php?rest_route=%2Fwp%2Fv2%2Fcategories&post=25787"},{"taxonomy":"post_tag","embeddable":true,"href":"https:\/\/zonaroja.com.mx\/index.php?rest_route=%2Fwp%2Fv2%2Ftags&post=25787"}],"curies":[{"name":"wp","href":"https:\/\/api.w.org\/{rel}","templated":true}]}}