{"id":25796,"date":"2021-04-10T08:35:21","date_gmt":"2021-04-10T13:35:21","guid":{"rendered":"http:\/\/www.zonaroja.com.mx\/?p=25796"},"modified":"2021-04-10T08:35:27","modified_gmt":"2021-04-10T13:35:27","slug":"torturaron-y-ejecutaron-a-nino-en-temaxcaltepec-liberan-a-retenidos-de-aei","status":"publish","type":"post","link":"https:\/\/zonaroja.com.mx\/?p=25796","title":{"rendered":"Torturaron y ejecutaron a ni\u00f1o en Temaxcaltepec; liberan a retenidos de AEI"},"content":{"rendered":"\n<p>Ismael Garc\u00eda M.\/Zona Roja.<\/p>\n\n\n\n<p>Oaxaca de Ju\u00e1rez, Oax., 10 de abril de 2021.- El menor de edad Jos\u00e9 Manuel R. Q., fue torturado y ejecutado a balazos, confirmaron pobladores de Santa Mar\u00eda Temaxcaltepec, Oaxaca.<\/p>\n\n\n\n<p>El adolescente de 13 a\u00f1os de edad hab\u00eda sido reportado como desaparecido el pasado 2 de abril y su cuerpo sin vida, con huellas de violencia, localizado el 8 del mismo mes, en un camino de terracer\u00eda a la cabecera municipal.<\/p>\n\n\n\n<figure class=\"wp-block-image size-large\"><img decoding=\"async\" width=\"526\" height=\"572\" src=\"http:\/\/www.zonaroja.com.mx\/wp-content\/uploads\/2021\/04\/Jose-Manuel-Rural-Quintas-1.jpg\" alt=\"\" class=\"wp-image-25798\" srcset=\"https:\/\/zonaroja.com.mx\/wp-content\/uploads\/2021\/04\/Jose-Manuel-Rural-Quintas-1.jpg 526w, https:\/\/zonaroja.com.mx\/wp-content\/uploads\/2021\/04\/Jose-Manuel-Rural-Quintas-1-276x300.jpg 276w\" sizes=\"(max-width: 526px) 100vw, 526px\" \/><\/figure>\n\n\n\n<p>Presuntamente los autores del homicidio doloso son Crisp\u00edn Reyes y Valeriano Ram\u00edrez, seg\u00fan se\u00f1alan los habitantes, quienes irritados por el grave hecho y por la impunidad ante otros delitos, retuvieron ayer a dos elementos de la agencia Estatal de Investigaciones, dependiente de la Fiscal\u00eda General del Estado de Oaxaca.<\/p>\n\n\n\n<p>Por la noche fueron puestos en libertad los agentes de investigaci\u00f3n, tras un di\u00e1logo con autoridades del Gobierno del Estado, con la presencia de elementos de la Guardia Nacional.<\/p>\n\n\n\n<p>Hasta el momento, la Fiscal\u00eda General del Estado de Oaxaca ha guardado hermetismo en el caso.<\/p>\n\n\n\n<figure class=\"wp-block-embed-twitter wp-block-embed is-type-rich is-provider-twitter\"><div class=\"wp-block-embed__wrapper\">\n<div class=\"twitter-tweet\"><blockquote class=\"twitter-tweet\" data-lang=\"es\"><p lang=\"es\" dir=\"ltr\"><a href=\"https:\/\/twitter.com\/hashtag\/OaxacaRojo?src=hash&amp;ref_src=twsrc%5Etfw\">#OaxacaRojo<\/a> <br>En Pochutla ocurri\u00f3 un ataque armado saldo de un muerto y una lesionada. <br>En Temaxcaltepec, Jos\u00e9 Manuel Rural Quinta, de 13 a\u00f1os de edad, fue hallado sin vida, tras seis d\u00edas de b\u00fasqueda. <a href=\"https:\/\/t.co\/YmInkkwjLY\">https:\/\/t.co\/YmInkkwjLY<\/a><\/p>&mdash; Zona Roja Oaxaca (@Zona_Roja_Oax) <a href=\"https:\/\/twitter.com\/Zona_Roja_Oax\/status\/1380272672798617600?ref_src=twsrc%5Etfw\">8 de abril de 2021<\/a><\/blockquote><\/div>\n<\/div><\/figure>\n","protected":false},"excerpt":{"rendered":"<p>Ismael Garc\u00eda M.\/Zona Roja. Oaxaca de Ju\u00e1rez, Oax., 10 de abril de 2021.- El menor&hellip;<\/p>\n","protected":false},"author":2,"featured_media":25797,"comment_status":"closed","ping_status":"open","sticky":false,"template":"","format":"standard","meta":{"_lmt_disableupdate":"","_lmt_disable":"","_jetpack_memberships_contains_paid_content":false,"footnotes":""},"categories":[109,47],"tags":[2598],"class_list":["post-25796","post","type-post","status-publish","format-standard","has-post-thumbnail","hentry","category-minuto-a-minuto","category-zona-gris","tag-santa-maria-temaxcaltepec"],"jetpack_featured_media_url":"https:\/\/zonaroja.com.mx\/wp-content\/uploads\/2021\/04\/Busqueda-de-Jose-Manuel-Rural-Quintas.jpg","jetpack_sharing_enabled":true,"_links":{"self":[{"href":"https:\/\/zonaroja.com.mx\/index.php?rest_route=\/wp\/v2\/posts\/25796","targetHints":{"allow":["GET"]}}],"collection":[{"href":"https:\/\/zonaroja.com.mx\/index.php?rest_route=\/wp\/v2\/posts"}],"about":[{"href":"https:\/\/zonaroja.com.mx\/index.php?rest_route=\/wp\/v2\/types\/post"}],"author":[{"embeddable":true,"href":"https:\/\/zonaroja.com.mx\/index.php?rest_route=\/wp\/v2\/users\/2"}],"replies":[{"embeddable":true,"href":"https:\/\/zonaroja.com.mx\/index.php?rest_route=%2Fwp%2Fv2%2Fcomments&post=25796"}],"version-history":[{"count":1,"href":"https:\/\/zonaroja.com.mx\/index.php?rest_route=\/wp\/v2\/posts\/25796\/revisions"}],"predecessor-version":[{"id":25799,"href":"https:\/\/zonaroja.com.mx\/index.php?rest_route=\/wp\/v2\/posts\/25796\/revisions\/25799"}],"wp:featuredmedia":[{"embeddable":true,"href":"https:\/\/zonaroja.com.mx\/index.php?rest_route=\/wp\/v2\/media\/25797"}],"wp:attachment":[{"href":"https:\/\/zonaroja.com.mx\/index.php?rest_route=%2Fwp%2Fv2%2Fmedia&parent=25796"}],"wp:term":[{"taxonomy":"category","embeddable":true,"href":"https:\/\/zonaroja.com.mx\/index.php?rest_route=%2Fwp%2Fv2%2Fcategories&post=25796"},{"taxonomy":"post_tag","embeddable":true,"href":"https:\/\/zonaroja.com.mx\/index.php?rest_route=%2Fwp%2Fv2%2Ftags&post=25796"}],"curies":[{"name":"wp","href":"https:\/\/api.w.org\/{rel}","templated":true}]}}