{"id":2580,"date":"2019-07-28T08:34:45","date_gmt":"2019-07-28T13:34:45","guid":{"rendered":"http:\/\/www.zonaroja.com.mx\/?p=2580"},"modified":"2019-07-28T08:34:48","modified_gmt":"2019-07-28T13:34:48","slug":"pierde-otro-caso-fiscalia-decretan-libertad-a-ex-edil-de-ayotzintepec","status":"publish","type":"post","link":"https:\/\/zonaroja.com.mx\/?p=2580","title":{"rendered":"Pierde otro caso Fiscal\u00eda: decretan libertad a ex edil de Ayotzintepec"},"content":{"rendered":"\n<p>Redacci\u00f3n<\/p>\n\n\n\n<p>Oaxaca de Ju\u00e1rez, Oax., 28 de julio de\n2019.- Al considerar insuficientes las pruebas aportadas por el Ministerio\nP\u00fablico de la Fiscal\u00eda General del Estado, un Juez de Control decret\u00f3 ayer el\nauto de libertad para el ex presidente municipal de Ayotzintepec, Abel B. A.<\/p>\n\n\n\n<p>El ex edil estuvo acusado de asesinar a\nuna persona el 27 de septiembre de 2017; la Fiscal\u00eda inform\u00f3 en un comunicado\nque fue aprehendido en una plaza comercial de Tuxtepec por personal de la Agencia\nEstatal de Investigaciones (AEI) el pasado 10 de julio, por el delito de homicidio\ncalificado en agravio de L. V.<\/p>\n\n\n\n<p>De acuerdo con la causa penal n\u00famero\n11\/2018, en la fecha referida la v\u00edctima se encontraba en un terreno ubicado\nsobre el camino Ayotzintepec-Monte Tinta, perteneciente a Tuxtepec, donde\narrib\u00f3 el imputado Abel B.A., quien con un arma de fuego le dispar\u00f3 en el\npecho, provoc\u00e1ndole la muerte por las heridas causadas.<\/p>\n\n\n\n<p>No obstante, este fin de semana durante\nla audiencia el Juez de Control no hall\u00f3 fundamento en la acusaci\u00f3n del\nMinisterio P\u00fablico, por lo que decret\u00f3 la libertad del ex presidente municipal.<\/p>\n\n\n\n<p>Seg\u00fan la Vicefiscal\u00eda Regional de la\nCuenca, apelar\u00eda la determinaci\u00f3n del juez; no obstante, de acuerdo con los\nabogados de Abel B. A., la Carpeta de Investigaci\u00f3n estuvo plagada de\nirregularidades.<\/p>\n","protected":false},"excerpt":{"rendered":"<p>Redacci\u00f3n Oaxaca de Ju\u00e1rez, Oax., 28 de julio de 2019.- Al considerar insuficientes las pruebas&hellip;<\/p>\n","protected":false},"author":2,"featured_media":2581,"comment_status":"closed","ping_status":"open","sticky":false,"template":"","format":"standard","meta":{"_lmt_disableupdate":"","_lmt_disable":"","_jetpack_memberships_contains_paid_content":false,"footnotes":""},"categories":[109,51],"tags":[],"class_list":["post-2580","post","type-post","status-publish","format-standard","has-post-thumbnail","hentry","category-minuto-a-minuto","category-zona-roja"],"jetpack_featured_media_url":"https:\/\/zonaroja.com.mx\/wp-content\/uploads\/2019\/07\/Ex-edil-Ayotzintepec.jpg","jetpack_sharing_enabled":true,"_links":{"self":[{"href":"https:\/\/zonaroja.com.mx\/index.php?rest_route=\/wp\/v2\/posts\/2580","targetHints":{"allow":["GET"]}}],"collection":[{"href":"https:\/\/zonaroja.com.mx\/index.php?rest_route=\/wp\/v2\/posts"}],"about":[{"href":"https:\/\/zonaroja.com.mx\/index.php?rest_route=\/wp\/v2\/types\/post"}],"author":[{"embeddable":true,"href":"https:\/\/zonaroja.com.mx\/index.php?rest_route=\/wp\/v2\/users\/2"}],"replies":[{"embeddable":true,"href":"https:\/\/zonaroja.com.mx\/index.php?rest_route=%2Fwp%2Fv2%2Fcomments&post=2580"}],"version-history":[{"count":1,"href":"https:\/\/zonaroja.com.mx\/index.php?rest_route=\/wp\/v2\/posts\/2580\/revisions"}],"predecessor-version":[{"id":2582,"href":"https:\/\/zonaroja.com.mx\/index.php?rest_route=\/wp\/v2\/posts\/2580\/revisions\/2582"}],"wp:featuredmedia":[{"embeddable":true,"href":"https:\/\/zonaroja.com.mx\/index.php?rest_route=\/wp\/v2\/media\/2581"}],"wp:attachment":[{"href":"https:\/\/zonaroja.com.mx\/index.php?rest_route=%2Fwp%2Fv2%2Fmedia&parent=2580"}],"wp:term":[{"taxonomy":"category","embeddable":true,"href":"https:\/\/zonaroja.com.mx\/index.php?rest_route=%2Fwp%2Fv2%2Fcategories&post=2580"},{"taxonomy":"post_tag","embeddable":true,"href":"https:\/\/zonaroja.com.mx\/index.php?rest_route=%2Fwp%2Fv2%2Ftags&post=2580"}],"curies":[{"name":"wp","href":"https:\/\/api.w.org\/{rel}","templated":true}]}}