{"id":25800,"date":"2021-04-10T11:03:26","date_gmt":"2021-04-10T16:03:26","guid":{"rendered":"https:\/\/www.zonaroja.com.mx\/?p=25800"},"modified":"2021-04-10T11:03:28","modified_gmt":"2021-04-10T16:03:28","slug":"amigos-del-maco-senala-irregularidades-en-la-direccion-y-aplicara-auditoria","status":"publish","type":"post","link":"https:\/\/zonaroja.com.mx\/?p=25800","title":{"rendered":"\u201cAmigos del MACO\u201d se\u00f1ala irregularidades en la direcci\u00f3n y aplicar\u00e1 auditor\u00eda"},"content":{"rendered":"\n<p class=\"MsoNormal\">Yuridiana Sosa\/Zona Roja. <\/p>\n\n\n\n<p class=\"MsoNormal\">Oaxaca de Ju\u00e1rez, Oax., 10 de abril de 2021.- La Asociaci\u00f3n \u201cAmigos del MACO\u201d A.C anunci\u00f3 que renovar\u00e1 la administraci\u00f3n del Museo de Arte Contempor\u00e1neo de Oaxaca, para lo cual aplicar\u00e1 auditor\u00eda, as\u00ed como trabajar\u00e1 para solventar pendientes derivados del incumplimiento de la direcci\u00f3n administrativa para recibir recursos estatales.<\/p>\n\n\n\n<p class=\"MsoNormal\">Por medio de un comunicado, el organismo civil como representante legal de la instituci\u00f3n, que preside Rub\u00e9n Leyva Jim\u00e9nez, dio a conocer que la direcci\u00f3n administrativa de la instituci\u00f3n no cumpli\u00f3 con presentar correctamente los gastos realizados en 2019 a la Secretar\u00eda de las Artes y las Culturas de Oaxaca.<\/p>\n\n\n\n<p class=\"MsoNormal\">Esta acci\u00f3n deriv\u00f3 que el gobierno estatal no pudo asignar al MACO los recursos para el a\u00f1o 2020, pues la direcci\u00f3n del museo omiti\u00f3 integrar \u201cen el expediente el proyecto inicial 2019 ni el proyecto modificado, raz\u00f3n por la cual es materialmente imposible hacer una confronta de informaci\u00f3n\u201d. <\/p>\n\n\n\n<p class=\"MsoNormal\">Ese error por parte del personal responsable de la direcci\u00f3n en suma con las dificultades de la pandemia por Covid-19, dificult\u00f3 el cumplimiento a tiempo con los requerimientos, lament\u00f3 el presidente de la asociaci\u00f3n. <\/p>\n\n\n\n<p class=\"MsoNormal\">Leyva Jim\u00e9nez se\u00f1al\u00f3 que la renovaci\u00f3n en la administraci\u00f3n interna del MACO facilitar\u00e1 las gestiones que desarrolla la asociaci\u00f3n civil ante el gobierno estatal.<\/p>\n\n\n\n<p class=\"MsoNormal\">As\u00ed mismo, dijo que \u201cAmigos del MACO\u201d trabaja intensamente en la regularizaci\u00f3n de los esquemas laborales del personal del museo y en solventar las diferencias que afectan a la instituci\u00f3n desde 2020.<\/p>\n\n\n\n<p class=\"MsoNormal\">En los pr\u00f3ximos d\u00edas se aplicar\u00e1 la renovaci\u00f3n de la la administraci\u00f3n de las instalaciones muse\u00edsticas, as\u00ed como se proceder\u00e1 a realizar una auditor\u00eda interna a este centro de arte y cultura a fin de verificar la situaci\u00f3n que guardan el acervo y el propio inmueble del MACO.<\/p>\n\n\n\n<p class=\"MsoNormal\">Agreg\u00f3 que con ayuda de artistas solidarios ha obtenido recursos para resolver en un plazo muy breve la situaci\u00f3n laboral de varias personas empleadas por el museo.&nbsp;<\/p>\n\n\n\n<p class=\"MsoNormal\">Mientras que tambi\u00e9n trabajan para que a la brevedad posible solventar las obligaciones tributarias y regularizar la relaci\u00f3n financiera del museo con el estado.<\/p>\n\n\n\n<p class=\"MsoNormal\">MACO NO CIERRA&nbsp;<\/p>\n\n\n\n<p class=\"MsoNormal\">El presidente de \u201cAmigos del MACO@ y artista, Rub\u00e9n Leyva, afirm\u00f3 que \u201cel MACO no cierra, s\u00f3lo hace una breve pausa en sus actividades al p\u00fablico para poder corregir algunas situaciones irregulares, y no tardar\u00e1 en reabrir sus puertas con actividades de primer nivel\u201d. Pidi\u00f3 a los usuarios paciencia para el momento en que se abran sus puertas nuevamente, una vez que concluya la auditor\u00eda interna y se integra el plan de trabajo para este a\u00f1o.<\/p>\n","protected":false},"excerpt":{"rendered":"<p>Yuridiana Sosa\/Zona Roja. Oaxaca de Ju\u00e1rez, Oax., 10 de abril de 2021.- La Asociaci\u00f3n \u201cAmigos&hellip;<\/p>\n","protected":false},"author":2,"featured_media":23034,"comment_status":"closed","ping_status":"open","sticky":false,"template":"","format":"standard","meta":{"_lmt_disableupdate":"","_lmt_disable":"","_jetpack_memberships_contains_paid_content":false,"footnotes":""},"categories":[109,46],"tags":[2298],"class_list":["post-25800","post","type-post","status-publish","format-standard","has-post-thumbnail","hentry","category-minuto-a-minuto","category-zona-blanca","tag-museo-de-arte-contemporaneo-de-oaxaca-maco"],"jetpack_featured_media_url":"https:\/\/zonaroja.com.mx\/wp-content\/uploads\/2021\/01\/Museo-de-Arte-Contemporaneo-de-Oaxaca-MACO.jpg","jetpack_sharing_enabled":true,"_links":{"self":[{"href":"https:\/\/zonaroja.com.mx\/index.php?rest_route=\/wp\/v2\/posts\/25800","targetHints":{"allow":["GET"]}}],"collection":[{"href":"https:\/\/zonaroja.com.mx\/index.php?rest_route=\/wp\/v2\/posts"}],"about":[{"href":"https:\/\/zonaroja.com.mx\/index.php?rest_route=\/wp\/v2\/types\/post"}],"author":[{"embeddable":true,"href":"https:\/\/zonaroja.com.mx\/index.php?rest_route=\/wp\/v2\/users\/2"}],"replies":[{"embeddable":true,"href":"https:\/\/zonaroja.com.mx\/index.php?rest_route=%2Fwp%2Fv2%2Fcomments&post=25800"}],"version-history":[{"count":1,"href":"https:\/\/zonaroja.com.mx\/index.php?rest_route=\/wp\/v2\/posts\/25800\/revisions"}],"predecessor-version":[{"id":25801,"href":"https:\/\/zonaroja.com.mx\/index.php?rest_route=\/wp\/v2\/posts\/25800\/revisions\/25801"}],"wp:featuredmedia":[{"embeddable":true,"href":"https:\/\/zonaroja.com.mx\/index.php?rest_route=\/wp\/v2\/media\/23034"}],"wp:attachment":[{"href":"https:\/\/zonaroja.com.mx\/index.php?rest_route=%2Fwp%2Fv2%2Fmedia&parent=25800"}],"wp:term":[{"taxonomy":"category","embeddable":true,"href":"https:\/\/zonaroja.com.mx\/index.php?rest_route=%2Fwp%2Fv2%2Fcategories&post=25800"},{"taxonomy":"post_tag","embeddable":true,"href":"https:\/\/zonaroja.com.mx\/index.php?rest_route=%2Fwp%2Fv2%2Ftags&post=25800"}],"curies":[{"name":"wp","href":"https:\/\/api.w.org\/{rel}","templated":true}]}}