{"id":25803,"date":"2021-04-10T13:47:07","date_gmt":"2021-04-10T18:47:07","guid":{"rendered":"https:\/\/www.zonaroja.com.mx\/?p=25803"},"modified":"2021-04-10T13:50:42","modified_gmt":"2021-04-10T18:50:42","slug":"investigan-presunto-acoso-de-chofer-de-camioneta-de-pasajeros-a-una-joven","status":"publish","type":"post","link":"https:\/\/zonaroja.com.mx\/?p=25803","title":{"rendered":"Investigan presunto acoso de chofer de camioneta de pasajeros a una joven"},"content":{"rendered":"\n<p class=\"MsoNormal\">Evlin Arag\u00f3n\/Zona Roja. <\/p>\n\n\n\n<p class=\"MsoNormal\">Oaxaca de Ju\u00e1rez, Oax., 10 de abril de 2021.- El acoso en el transporte p\u00fablico es una constante en la entidad oaxaque\u00f1a, pues decenas de mujeres han denunciado que a bordo de una unidad de motor han sido tocadas sin su consentimiento, entre otros actos considerados como violencia sexual.  <\/p>\n\n\n\n<p class=\"MsoNormal\">El caso m\u00e1s reciente se dio a conocer ayer a trav\u00e9s de las redes sociales, donde una joven de nombre A. Monta\u00f1o denunci\u00f3 que el chofer de la unidad de pasajeros que abord\u00f3, de la l\u00ednea \u201cVilla Escondida\u201d se acariciaba constantemente los genitales junto a ella.   <\/p>\n\n\n\n<p class=\"MsoNormal\">\u201cHace unas semanas viaj\u00e9 de Sola de Vega con destino a la ciudad de Oaxaca, compr\u00e9 un boleto en Sola de las Urvan \u2018Villa Escondida Official\u2019. Cuando me sub\u00ed, me sub\u00ed en la parte de adelante pero no me di cuenta que la camioneta iba vac\u00eda, jam\u00e1s me pas\u00f3 por la mente que podr\u00eda pasar algo\u201d, refiere en su relato.  <\/p>\n\n\n\n<p class=\"MsoNormal\">Su denuncia la acompa\u00f1\u00f3 con un video que, aunque dura escasos segundos, retrata el hecho y evidencia la violencia sexual ejercida por el chofer del transporte p\u00fablico en contra de la joven.&nbsp;&nbsp;&nbsp;<\/p>\n\n\n\n<p class=\"MsoNormal\">\u201cLes comparto esto porque muchas chicas viajamos seguido, a veces nos toca que las camionetas van vac\u00edas y no me gustar\u00eda que pasaran por lo mismo, muchos me dir\u00e1n que no me pas\u00f3 nada, y efectivamente, yo estoy bien, la finalidad es prevenir este tipo de acoso a tiempo y que no llegue a mayores\u201d, indic\u00f3.&nbsp;<\/p>\n\n\n\n<p class=\"MsoNormal\">Adem\u00e1s, aprovech\u00f3 para advertir a otras mujeres que utilicen la l\u00ednea de transporte a fin de prevenirlas del acoso y la violencia sucedida.&nbsp;<\/p>\n\n\n\n<p class=\"MsoNormal\">\u201cPor favor chicas que viajan de un lado a otro, tengan mucho cuidado, yo ya lo report\u00e9 a su empresa, al menos para poder viajar con la seguridad de que no nos pasar\u00e1 nada\u201d.  <\/p>\n\n\n\n<p><div class=\"twitter-tweet\"><blockquote class=\"twitter-tweet\" data-lang=\"es\"><p lang=\"es\" dir=\"ltr\"><a href=\"https:\/\/twitter.com\/hashtag\/%C3%9AltimoMinuto?src=hash&amp;ref_src=twsrc%5Etfw\">#\u00daltimoMinuto<\/a> <br>Una joven de nombre A. Monta\u00f1o denuncia un probable acoso sexual, pues el chofer de una camioneta de pasajeros que abord\u00f3, se acariciaba constantemente los genitales; es de la l\u00ednea \u201cVilla Escondida\u201d, de <a href=\"https:\/\/twitter.com\/hashtag\/Oaxaca?src=hash&amp;ref_src=twsrc%5Etfw\">#Oaxaca<\/a>.<a href=\"https:\/\/twitter.com\/MareaVerdeMex?ref_src=twsrc%5Etfw\">@MareaVerdeMex<\/a> <a href=\"https:\/\/twitter.com\/brujasdelmar?ref_src=twsrc%5Etfw\">@brujasdelmar<\/a> <a href=\"https:\/\/t.co\/FyZ4a7P49f\">pic.twitter.com\/FyZ4a7P49f<\/a><\/p>&mdash; Zona Roja Oaxaca (@Zona_Roja_Oax) <a href=\"https:\/\/twitter.com\/Zona_Roja_Oax\/status\/1380669448332382213?ref_src=twsrc%5Etfw\">9 de abril de 2021<\/a><\/blockquote><\/div><\/p>\n\n\n\n<p class=\"MsoNormal\">Aunque la joven refiri\u00f3 haber reportado la conducta violenta del sujeto, hasta el momento la empresa no ha emitido comunicado al respecto.&nbsp;&nbsp;<\/p>\n\n\n\n<p class=\"MsoNormal\">La l\u00ednea \u201cVilla Escondida\u201d transporta pasajeros de Oaxaca a Puerto Escondido ida y vuelta, y su terminal est\u00e1 ubicada en Galeana 604, en el centro de la ciudad de Oaxaca. <\/p>\n\n\n\n<p class=\"MsoNormal\">Los comentarios en torno a la publicaci\u00f3n refieren que no se trata de la primera vez en que se denuncia a los conductores por conductas inapropiadas e irrespetuosas en contra de las y los usuarios.&nbsp;&nbsp;<\/p>\n\n\n\n<p class=\"MsoNormal\">\u201cLa mayor\u00eda de los conductores de esa l\u00ednea son irrespetuosos, y sus taquilleras ni se diga\u201d, \u201cEsa l\u00ednea de Urban son muy irresponsables\u201d, \u201cY todav\u00eda se dejan decir que la mejor l\u00ednea y el mejor servicio\u201d, son parte de los comentarios\u201d.  <\/p>\n","protected":false},"excerpt":{"rendered":"<p>Evlin Arag\u00f3n\/Zona Roja. Oaxaca de Ju\u00e1rez, Oax., 10 de abril de 2021.- El acoso en&hellip;<\/p>\n","protected":false},"author":2,"featured_media":25802,"comment_status":"closed","ping_status":"open","sticky":false,"template":"","format":"standard","meta":{"_lmt_disableupdate":"","_lmt_disable":"","_jetpack_memberships_contains_paid_content":false,"footnotes":""},"categories":[109,47],"tags":[],"class_list":["post-25803","post","type-post","status-publish","format-standard","has-post-thumbnail","hentry","category-minuto-a-minuto","category-zona-gris"],"jetpack_featured_media_url":"https:\/\/zonaroja.com.mx\/wp-content\/uploads\/2021\/04\/df6b1db9-40a6-40d0-a030-75ba2e6ce851.jpg","jetpack_sharing_enabled":true,"_links":{"self":[{"href":"https:\/\/zonaroja.com.mx\/index.php?rest_route=\/wp\/v2\/posts\/25803","targetHints":{"allow":["GET"]}}],"collection":[{"href":"https:\/\/zonaroja.com.mx\/index.php?rest_route=\/wp\/v2\/posts"}],"about":[{"href":"https:\/\/zonaroja.com.mx\/index.php?rest_route=\/wp\/v2\/types\/post"}],"author":[{"embeddable":true,"href":"https:\/\/zonaroja.com.mx\/index.php?rest_route=\/wp\/v2\/users\/2"}],"replies":[{"embeddable":true,"href":"https:\/\/zonaroja.com.mx\/index.php?rest_route=%2Fwp%2Fv2%2Fcomments&post=25803"}],"version-history":[{"count":1,"href":"https:\/\/zonaroja.com.mx\/index.php?rest_route=\/wp\/v2\/posts\/25803\/revisions"}],"predecessor-version":[{"id":25804,"href":"https:\/\/zonaroja.com.mx\/index.php?rest_route=\/wp\/v2\/posts\/25803\/revisions\/25804"}],"wp:featuredmedia":[{"embeddable":true,"href":"https:\/\/zonaroja.com.mx\/index.php?rest_route=\/wp\/v2\/media\/25802"}],"wp:attachment":[{"href":"https:\/\/zonaroja.com.mx\/index.php?rest_route=%2Fwp%2Fv2%2Fmedia&parent=25803"}],"wp:term":[{"taxonomy":"category","embeddable":true,"href":"https:\/\/zonaroja.com.mx\/index.php?rest_route=%2Fwp%2Fv2%2Fcategories&post=25803"},{"taxonomy":"post_tag","embeddable":true,"href":"https:\/\/zonaroja.com.mx\/index.php?rest_route=%2Fwp%2Fv2%2Ftags&post=25803"}],"curies":[{"name":"wp","href":"https:\/\/api.w.org\/{rel}","templated":true}]}}