{"id":25808,"date":"2021-04-10T15:22:28","date_gmt":"2021-04-10T20:22:28","guid":{"rendered":"http:\/\/www.zonaroja.com.mx\/?p=25808"},"modified":"2021-04-10T15:22:32","modified_gmt":"2021-04-10T20:22:32","slug":"juez-en-oaxaca-da-custodia-de-ninas-a-mujer-acusada-de-violencia-familiar","status":"publish","type":"post","link":"https:\/\/zonaroja.com.mx\/?p=25808","title":{"rendered":"Juez en Oaxaca da custodia de ni\u00f1as a mujer acusada de violencia familiar"},"content":{"rendered":"\n<p>Evlin Arag\u00f3n\/Zona Roja. Foto: Ilustraci\u00f3n<\/p>\n\n\n\n<p>Oaxaca de Ju\u00e1rez, Oax., 10 de abril de 2021.- \u201c\u00a1Pap\u00e1 yo quiero quedarme contigo!, \u00a1yo no quiero ir con mi mam\u00e1 porque si no me va a pegar por decir todo lo que dije! \u00a1Por favor ay\u00fadenme, me pueden ayudar por favor! \u00a1Por favor me pueden ayudar, por favor se\u00f1or, por favor\u201d!<\/p>\n\n\n\n<p>Es la s\u00faplica de una menor de edad que, entre gritos y l\u00e1grimas, pide al Juez Segundo de lo Familiar del Centro que no la regrese con su madre, a quien acusa de causarle da\u00f1o f\u00edsico con anterioridad.&nbsp;<\/p>\n\n\n\n<p>De ah\u00ed que se encontraban en resguardo con su padre, quien buscaba la custodia de las ni\u00f1as debido a los presuntos antecedentes violentos de la mujer identificada como G.C.S., trabajadora de la Comisi\u00f3n Federal de Electricidad (CFE), los cuales quedaron plasmados en una carpeta de investigaci\u00f3n abierta por el delito de violencia familiar.&nbsp;<\/p>\n\n\n\n<p>Ni los testimonios de las menores, que refieren constantes golpes, ni los dict\u00e1menes m\u00e9dicos y psicol\u00f3gicos que se les realizaron, y que integran el expediente familias 583\/2019 fueron suficientes para que el juez le retirara la custodia a la madre.<\/p>\n\n\n\n<p>De ah\u00ed que por medio de las redes sociales han difundido un video en el que se puede escuchar a una de las ni\u00f1as suplic\u00e1ndole al juez que no la regresen con su madre a quien, hasta el momento, le tiene miedo.<\/p>\n\n\n\n<p>\u201cA pesar de existir una carpeta de investigaci\u00f3n en contra de la madre, manifestaciones de las menores diciendo que su mam\u00e1 les pega, dict\u00e1menes psicol\u00f3gicos por parte de la Fiscal\u00eda de la Mujer y m\u00e9dicos que han certificado las lesiones de las menores\u2026se determin\u00f3 el resguardo a favor de la madre\u201d, refiere el mensaje acompa\u00f1ado del video.&nbsp;<\/p>\n\n\n\n<p>Al respecto, el padre de las menores aleg\u00f3 que tem\u00eda por la seguridad de sus hijas, lo cual tampoco impacto en la decisi\u00f3n del juez, quien no tutel\u00f3 el inter\u00e9s superior de las menores e hizo caso omiso de todas las pruebas aportadas, lo cual podr\u00eda configurar un acto de corrupci\u00f3n.&nbsp;<\/p>\n\n\n\n<p>Por lo anterior, se han dado a la tarea de hacer viral la situaci\u00f3n para tratar de incidir en una decisi\u00f3n judicial diferente que no ponga en riesgo la integridad de las ni\u00f1as, que, previamente denunciaron actos de violencia en su contra, por parte de su madre.&nbsp;&nbsp;<\/p>\n","protected":false},"excerpt":{"rendered":"<p>Evlin Arag\u00f3n\/Zona Roja. Foto: Ilustraci\u00f3n Oaxaca de Ju\u00e1rez, Oax., 10 de abril de 2021.- \u201c\u00a1Pap\u00e1&hellip;<\/p>\n","protected":false},"author":2,"featured_media":18870,"comment_status":"closed","ping_status":"open","sticky":false,"template":"","format":"standard","meta":{"_lmt_disableupdate":"","_lmt_disable":"","_jetpack_memberships_contains_paid_content":false,"footnotes":""},"categories":[109,47],"tags":[223],"class_list":["post-25808","post","type-post","status-publish","format-standard","has-post-thumbnail","hentry","category-minuto-a-minuto","category-zona-gris","tag-poder-judicial-de-oaxaca"],"jetpack_featured_media_url":"https:\/\/zonaroja.com.mx\/wp-content\/uploads\/2020\/10\/violencia-ninas-ninos-adolecentes.jpg","jetpack_sharing_enabled":true,"_links":{"self":[{"href":"https:\/\/zonaroja.com.mx\/index.php?rest_route=\/wp\/v2\/posts\/25808","targetHints":{"allow":["GET"]}}],"collection":[{"href":"https:\/\/zonaroja.com.mx\/index.php?rest_route=\/wp\/v2\/posts"}],"about":[{"href":"https:\/\/zonaroja.com.mx\/index.php?rest_route=\/wp\/v2\/types\/post"}],"author":[{"embeddable":true,"href":"https:\/\/zonaroja.com.mx\/index.php?rest_route=\/wp\/v2\/users\/2"}],"replies":[{"embeddable":true,"href":"https:\/\/zonaroja.com.mx\/index.php?rest_route=%2Fwp%2Fv2%2Fcomments&post=25808"}],"version-history":[{"count":1,"href":"https:\/\/zonaroja.com.mx\/index.php?rest_route=\/wp\/v2\/posts\/25808\/revisions"}],"predecessor-version":[{"id":25809,"href":"https:\/\/zonaroja.com.mx\/index.php?rest_route=\/wp\/v2\/posts\/25808\/revisions\/25809"}],"wp:featuredmedia":[{"embeddable":true,"href":"https:\/\/zonaroja.com.mx\/index.php?rest_route=\/wp\/v2\/media\/18870"}],"wp:attachment":[{"href":"https:\/\/zonaroja.com.mx\/index.php?rest_route=%2Fwp%2Fv2%2Fmedia&parent=25808"}],"wp:term":[{"taxonomy":"category","embeddable":true,"href":"https:\/\/zonaroja.com.mx\/index.php?rest_route=%2Fwp%2Fv2%2Fcategories&post=25808"},{"taxonomy":"post_tag","embeddable":true,"href":"https:\/\/zonaroja.com.mx\/index.php?rest_route=%2Fwp%2Fv2%2Ftags&post=25808"}],"curies":[{"name":"wp","href":"https:\/\/api.w.org\/{rel}","templated":true}]}}