{"id":25810,"date":"2021-04-10T15:31:56","date_gmt":"2021-04-10T20:31:56","guid":{"rendered":"http:\/\/www.zonaroja.com.mx\/?p=25810"},"modified":"2021-04-10T15:31:59","modified_gmt":"2021-04-10T20:31:59","slug":"denuncian-brutalidad-policiaca-en-puerto-escondido-oaxaca","status":"publish","type":"post","link":"https:\/\/zonaroja.com.mx\/?p=25810","title":{"rendered":"Denuncian brutalidad policiaca, en Puerto Escondido, Oaxaca"},"content":{"rendered":"\n<p>Yuridiana Sosa\/Zona Roja.<\/p>\n\n\n\n<p>Oaxaca de Ju\u00e1rez, Oax., 10 de abril de 2021.- Las agresiones contra ciudadanos por parte de elementos de las polic\u00edas municipales en Oaxaca contin\u00faan. El caso m\u00e1s reciente se registr\u00f3 en Puerto Escondido, agencia de San Pedro Mixtepec, de la regi\u00f3n de la Costa.<\/p>\n\n\n\n<p>La denuncia ciudadana, dada a conocer por el medio local Sol de la Costa, indic\u00f3 que un joven fue golpeado por un elemento que se encontraba en probable estado de ebriedad y quien recibi\u00f3 el apoyo de sus compa\u00f1eros para cometer el abuso.<\/p>\n\n\n\n<p>Por los hechos, la v\u00edctima present\u00f3 la denuncia correspondiente ante la agencia local de ministerio p\u00fablico en Puerto Escondido, donde se abri\u00f3 la Carpeta de Investigaci\u00f3n 10777\/FCOS\/Puerto\/2021, por el delito de lesiones y dem\u00e1s que se configuren, en agravio de Juan Gaudencio L. C.<\/p>\n\n\n\n<p>En las im\u00e1genes difundidas del agraviado se muestran lesiones causadas en el hombro izquierdo y en la cara.<\/p>\n\n\n\n<p>De acuerdo con el expediente, la agresi\u00f3n se cometi\u00f3 el pasado 31 de marzo, por lo que la Fiscal\u00eda General de Oaxaca solicit\u00f3 a la Direcci\u00f3n de la Polic\u00eda Municipal de San Pedro Mixtepec informaci\u00f3n.<\/p>\n\n\n\n<p>La Polic\u00eda Municipal deber\u00e1 remitir un informe desglosado con los nombres de los uniformados que laboraron el pasado 31 de marzo y de los que descansaron en esa misma fecha.<\/p>\n\n\n\n<p>OTROS CASOS<\/p>\n\n\n\n<p>Entre otras agresiones registradas por polic\u00edas municipales, se cuenta la del pasado mes de marzo en San Pedro Pochutla, cuando elementos intentaron realizar la detenci\u00f3n de dos personas con uso excesivo de la fuerza por no portar cubrebocas.<\/p>\n\n\n\n<p>El gobierno municipal anunci\u00f3 que destituy\u00f3 a los cuatro elementos involucrados.<\/p>\n\n\n\n<p>En noviembre de 2020, fueron una docena de uniformados del ayuntamiento de Santa Luc\u00eda del Camino, quienes protagonizaron una gresca contra vecinos de la colonia V\u00edctor Bravo Ah\u00faja por el retiro de una tope de boyas.<\/p>\n\n\n\n<p>Mientras que en octubre de 2018 Polic\u00eda Municipal de Tuxtepec detuvo con uso excesivo de la fuerza p\u00fablica a ciudadanos, los uniformados tambi\u00e9n trataron de agredir a ciudadanos que grababan el hecho.<\/p>\n","protected":false},"excerpt":{"rendered":"<p>Yuridiana Sosa\/Zona Roja. Oaxaca de Ju\u00e1rez, Oax., 10 de abril de 2021.- Las agresiones contra&hellip;<\/p>\n","protected":false},"author":2,"featured_media":25811,"comment_status":"closed","ping_status":"open","sticky":false,"template":"","format":"standard","meta":{"_lmt_disableupdate":"","_lmt_disable":"","_jetpack_memberships_contains_paid_content":false,"footnotes":""},"categories":[109,47],"tags":[590],"class_list":["post-25810","post","type-post","status-publish","format-standard","has-post-thumbnail","hentry","category-minuto-a-minuto","category-zona-gris","tag-puerto-escondido"],"jetpack_featured_media_url":"https:\/\/zonaroja.com.mx\/wp-content\/uploads\/2021\/04\/Agredido-Puerto-Escondido.jpg","jetpack_sharing_enabled":true,"_links":{"self":[{"href":"https:\/\/zonaroja.com.mx\/index.php?rest_route=\/wp\/v2\/posts\/25810","targetHints":{"allow":["GET"]}}],"collection":[{"href":"https:\/\/zonaroja.com.mx\/index.php?rest_route=\/wp\/v2\/posts"}],"about":[{"href":"https:\/\/zonaroja.com.mx\/index.php?rest_route=\/wp\/v2\/types\/post"}],"author":[{"embeddable":true,"href":"https:\/\/zonaroja.com.mx\/index.php?rest_route=\/wp\/v2\/users\/2"}],"replies":[{"embeddable":true,"href":"https:\/\/zonaroja.com.mx\/index.php?rest_route=%2Fwp%2Fv2%2Fcomments&post=25810"}],"version-history":[{"count":1,"href":"https:\/\/zonaroja.com.mx\/index.php?rest_route=\/wp\/v2\/posts\/25810\/revisions"}],"predecessor-version":[{"id":25812,"href":"https:\/\/zonaroja.com.mx\/index.php?rest_route=\/wp\/v2\/posts\/25810\/revisions\/25812"}],"wp:featuredmedia":[{"embeddable":true,"href":"https:\/\/zonaroja.com.mx\/index.php?rest_route=\/wp\/v2\/media\/25811"}],"wp:attachment":[{"href":"https:\/\/zonaroja.com.mx\/index.php?rest_route=%2Fwp%2Fv2%2Fmedia&parent=25810"}],"wp:term":[{"taxonomy":"category","embeddable":true,"href":"https:\/\/zonaroja.com.mx\/index.php?rest_route=%2Fwp%2Fv2%2Fcategories&post=25810"},{"taxonomy":"post_tag","embeddable":true,"href":"https:\/\/zonaroja.com.mx\/index.php?rest_route=%2Fwp%2Fv2%2Ftags&post=25810"}],"curies":[{"name":"wp","href":"https:\/\/api.w.org\/{rel}","templated":true}]}}