{"id":25813,"date":"2021-04-10T19:42:10","date_gmt":"2021-04-11T00:42:10","guid":{"rendered":"http:\/\/www.zonaroja.com.mx\/?p=25813"},"modified":"2021-04-10T19:42:13","modified_gmt":"2021-04-11T00:42:13","slug":"el-fpr-anuncia-movilizaciones-por-la-designacion-de-diaz-escarraga","status":"publish","type":"post","link":"https:\/\/zonaroja.com.mx\/?p=25813","title":{"rendered":"El FPR anuncia movilizaciones por la designaci\u00f3n de D\u00edaz Esc\u00e1rraga"},"content":{"rendered":"\n<p>Yuridiana Sosa\/Zona Roja.<\/p>\n\n\n\n<p>Oaxaca de Ju\u00e1rez, Oax., 10 de abril de 2021.- Desde la llegada de Heliodoro D\u00edaz Esc\u00e1rraga a la Secretar\u00eda de Seguridad P\u00fablica de Oaxaca, no han cesado los rechazos de organizaciones y ahora es el Frente Popular Revolucionario (FPR) que no acepta su designaci\u00f3n y exige su destituci\u00f3n.<\/p>\n\n\n\n<p>El dirigente del FPR en Oaxaca, Macario Otalo Padilla, se\u00f1al\u00f3 que esta organizaci\u00f3n en conjunto con otras que integran el movimiento democr\u00e1tico popular, van a reiniciar movilizaciones para que el gobernador Alejandro Murat atienda el llamado del pueblo de no mantener a Heliodo D\u00edaz en la SSPO.<\/p>\n\n\n\n<p>\u201cEl FPR exige su inmediata destituci\u00f3n porque este asesino que encabez\u00f3 las caravanas de la muerte \u2013en movimiento social de 2006- no puede ocupar un cargo este gobierno, dado que es culpable de delitos de lesa humanidad\u201d, cit\u00f3 el l\u00edder en el marco del aniversario luctuoso del general Emiliano Zapata.<\/p>\n\n\n\n<p>El dirigente asever\u00f3 que este nombramiento es para las organizaciones una intenci\u00f3n del gobierno estatal para acabar con \u00e9stas, pues recurren al \u201cbrazo ejecutor\u201d de Ulises Ruiz Ortiz y con lo que comenzar\u00eda la cacer\u00eda de luchadores sociales.<\/p>\n\n\n\n<p>\u201cSi quieren descabezar a las organizaciones, se van a encontrar con el muro del movimiento democr\u00e1tico popular. Las movilizaciones se van a reanudar esperando que haya sensibilidad del gobernador para destituirlo\u201d, manifest\u00f3 el representante del FPR.<\/p>\n\n\n\n<p>La Asamblea Popular de los Pueblos de Oaxaca y la Secci\u00f3n 22 del SNTE tambi\u00e9n realizaron posicionamientos similares.<\/p>\n","protected":false},"excerpt":{"rendered":"<p>Yuridiana Sosa\/Zona Roja. Oaxaca de Ju\u00e1rez, Oax., 10 de abril de 2021.- Desde la llegada&hellip;<\/p>\n","protected":false},"author":2,"featured_media":25814,"comment_status":"closed","ping_status":"open","sticky":false,"template":"","format":"standard","meta":{"_lmt_disableupdate":"","_lmt_disable":"","_jetpack_memberships_contains_paid_content":false,"footnotes":""},"categories":[109,47],"tags":[1687],"class_list":["post-25813","post","type-post","status-publish","format-standard","has-post-thumbnail","hentry","category-minuto-a-minuto","category-zona-gris","tag-frente-popular-revolucionario-fpr"],"jetpack_featured_media_url":"https:\/\/zonaroja.com.mx\/wp-content\/uploads\/2021\/04\/Mitin-FPR.jpg","jetpack_sharing_enabled":true,"_links":{"self":[{"href":"https:\/\/zonaroja.com.mx\/index.php?rest_route=\/wp\/v2\/posts\/25813","targetHints":{"allow":["GET"]}}],"collection":[{"href":"https:\/\/zonaroja.com.mx\/index.php?rest_route=\/wp\/v2\/posts"}],"about":[{"href":"https:\/\/zonaroja.com.mx\/index.php?rest_route=\/wp\/v2\/types\/post"}],"author":[{"embeddable":true,"href":"https:\/\/zonaroja.com.mx\/index.php?rest_route=\/wp\/v2\/users\/2"}],"replies":[{"embeddable":true,"href":"https:\/\/zonaroja.com.mx\/index.php?rest_route=%2Fwp%2Fv2%2Fcomments&post=25813"}],"version-history":[{"count":1,"href":"https:\/\/zonaroja.com.mx\/index.php?rest_route=\/wp\/v2\/posts\/25813\/revisions"}],"predecessor-version":[{"id":25815,"href":"https:\/\/zonaroja.com.mx\/index.php?rest_route=\/wp\/v2\/posts\/25813\/revisions\/25815"}],"wp:featuredmedia":[{"embeddable":true,"href":"https:\/\/zonaroja.com.mx\/index.php?rest_route=\/wp\/v2\/media\/25814"}],"wp:attachment":[{"href":"https:\/\/zonaroja.com.mx\/index.php?rest_route=%2Fwp%2Fv2%2Fmedia&parent=25813"}],"wp:term":[{"taxonomy":"category","embeddable":true,"href":"https:\/\/zonaroja.com.mx\/index.php?rest_route=%2Fwp%2Fv2%2Fcategories&post=25813"},{"taxonomy":"post_tag","embeddable":true,"href":"https:\/\/zonaroja.com.mx\/index.php?rest_route=%2Fwp%2Fv2%2Ftags&post=25813"}],"curies":[{"name":"wp","href":"https:\/\/api.w.org\/{rel}","templated":true}]}}