{"id":25816,"date":"2021-04-10T20:08:41","date_gmt":"2021-04-11T01:08:41","guid":{"rendered":"http:\/\/www.zonaroja.com.mx\/?p=25816"},"modified":"2021-04-10T20:08:45","modified_gmt":"2021-04-11T01:08:45","slug":"tras-exhorto-de-onu-por-claudia-uruchurtu-fiscalia-emite-alerta-rosa-16-dias-despues","status":"publish","type":"post","link":"https:\/\/zonaroja.com.mx\/?p=25816","title":{"rendered":"Tras exhorto de ONU por Claudia Uruchurtu, Fiscal\u00eda emite \u201cAlerta Rosa\u201d\u2026 16 d\u00edas despu\u00e9s"},"content":{"rendered":"\n<p>Ismael Garc\u00eda M.\/Zona Roja.<\/p>\n\n\n\n<p>Oaxaca de Ju\u00e1rez, Oax., 10 de abril de 2021.- Tras el requerimiento de acci\u00f3n urgente del Comit\u00e9 contra la Desaparici\u00f3n Forzada, de la Organizaci\u00f3n Naciones Unidas (ONU) para la localizaci\u00f3n de Claudia Uruchurtu Cruz, la Fiscal\u00eda General del Estado de Oaxaca emiti\u00f3 una \u201cAlerta Rosa\u201d para la b\u00fasqueda de la mujer\u2026 16 d\u00edas despu\u00e9s de haber sido reportada como desaparecida.<\/p>\n\n\n\n<p>La \u201cAlerta Rosa\u201d presuntamente es un mecanismo urgente para localizar una persona, del sexo femenino, que se considera est\u00e1 en peligro inminente.<\/p>\n\n\n\n<p>Fue activado por el Gobierno del Estado en julio de 2018, con la participaci\u00f3n de distintas instancias oficiales y cuyo objetivo \u201ces evitar que las mujeres sigan siendo objeto de violencia y desaparici\u00f3n.<\/p>\n\n\n\n<p>\u201cYa que es una herramienta que permitir\u00e1 su b\u00fasqueda y localizaci\u00f3n en un menor tiempo posible, gracias a las acciones que realicen las instituciones gubernamentales y sociales en favor de este sector\u201d (https:\/\/www.oaxaca.gob.mx\/comunicacion\/activa-gobierno-del-estado-programa-de-busqueda-alerta-rosa\/).<\/p>\n\n\n\n<p>Sin embargo, la Fiscal\u00eda General, a cargo de Arturo Peimbert Calvo, emiti\u00f3 la \u201cAlerta Rosa\u201d hasta este s\u00e1bado 10 de abril.<\/p>\n\n\n\n<p>EXIGENCIA INTERNACIONAL<\/p>\n\n\n\n<p>En tanto, en un documento firmado por el Jefe de la Subdivisi\u00f3n de Tratados de Derechos Humanos Organizaci\u00f3n Naciones Unidas (ONU), Ibrahim Salama, de conformidad con el art\u00edculo 30 de la Convenci\u00f3n Internacional para la Protecci\u00f3n de Todas las Personas contra las Desapariciones Forzadas, el Comit\u00e9 contra la Desaparici\u00f3n Forzada, de la Organizaci\u00f3n Naciones Unidas (O.N.U.) emiti\u00f3 un requerimiento de acci\u00f3n urgente al estado mexicano para la localizaci\u00f3n de Claudia Uruchurtu Cruz, bajo los siguientes t\u00e9rminos:<\/p>\n\n\n\n<p>\u201cEl Secretario General de las Naciones Unidas (Alta Comisionada para los Derechos Humanos) saluda atentamente al Representante Permanente de M\u00e9xico ante la Oficina de las Naciones Unidas en Ginebra y tiene el honor de transmitirle la petici\u00f3n de acci\u00f3n urgente relativa a la desaparici\u00f3n forzada de la Sra. Claudia Uruchurtu Cruz.<\/p>\n\n\n\n<p>\u201cEl Comit\u00e9 contra la Desaparici\u00f3n Forzada REQUIERE al estado mexicano \u2018que para la investigaci\u00f3n exhaustiva e imparcial de su desaparici\u00f3n forzada, que tome en cuenta toda la informaci\u00f3n disponible, incluido el contexto en el cual ocurri\u00f3 su alegada desaparici\u00f3n forzada ya que la informaci\u00f3n recibida por el Comit\u00e9 contra la Desaparici\u00f3n Forzada, la Sra. Uruchurtu Cruz se habr\u00eda involucrado en el combate de los constantes abusos y extorciones de las autoridades municipales hacia la poblaci\u00f3n de Nochixtl\u00e1n, Oaxaca, y habr\u00eda trabajado con grupos de mujeres en dicha poblaci\u00f3n.<\/p>\n\n\n\n<p>La desaparici\u00f3n forzada de la activista Claudia Urruchurtu Cruz se da en los momentos de una manifestaci\u00f3n de la poblaci\u00f3n para protestar por la detenci\u00f3n de un ciudadano de nombre Alfonso Avenda\u00f1o y que fue golpeado por la polic\u00eda municipal horas antes, la noche del 26 de marzo, en Asunci\u00f3n Nochixtl\u00e1n.<\/p>\n\n\n\n<figure class=\"wp-block-embed-twitter wp-block-embed is-type-rich is-provider-twitter\"><div class=\"wp-block-embed__wrapper\">\n<div class=\"twitter-tweet\"><blockquote class=\"twitter-tweet\" data-lang=\"es\"><p lang=\"es\" dir=\"ltr\">La <a href=\"https:\/\/twitter.com\/FISCALIA_GobOax?ref_src=twsrc%5Etfw\">@FISCALIA_GobOax<\/a> activa el protocolo <a href=\"https:\/\/twitter.com\/hashtag\/AlertaRosa?src=hash&amp;ref_src=twsrc%5Etfw\">#AlertaRosa<\/a> y solicita su colaboraci\u00f3n para dar con el paradero de CLAUDIA URUCHURTU CRUZ, de 48 a\u00f1os.<a href=\"https:\/\/twitter.com\/PeimbertArturo?ref_src=twsrc%5Etfw\">@PeimbertArturo<\/a><a href=\"https:\/\/twitter.com\/VFGZonaCentro?ref_src=twsrc%5Etfw\">@VFGZonaCentro<\/a><a href=\"https:\/\/twitter.com\/SSO_GobOax?ref_src=twsrc%5Etfw\">@SSO_GobOax<\/a><a href=\"https:\/\/twitter.com\/IEEPOGobOax?ref_src=twsrc%5Etfw\">@IEEPOGobOax<\/a><a href=\"https:\/\/twitter.com\/CONAVIM_MX?ref_src=twsrc%5Etfw\">@CONAVIM_MX<\/a><a href=\"https:\/\/twitter.com\/SEPIA_GobOax?ref_src=twsrc%5Etfw\">@SEPIA_GobOax<\/a><a href=\"https:\/\/twitter.com\/SSP_GobOax?ref_src=twsrc%5Etfw\">@SSP_GobOax<\/a><a href=\"https:\/\/twitter.com\/DIF_Oaxaca?ref_src=twsrc%5Etfw\">@DIF_Oaxaca<\/a><a href=\"https:\/\/twitter.com\/SEGEGO_GobOax?ref_src=twsrc%5Etfw\">@SEGEGO_GobOax<\/a><a href=\"https:\/\/twitter.com\/cortv?ref_src=twsrc%5Etfw\">@cortv<\/a> <a href=\"https:\/\/t.co\/k3K94tifvF\">pic.twitter.com\/k3K94tifvF<\/a><\/p>&mdash; Fiscal\u00eda General (@FISCALIA_GobOax) <a href=\"https:\/\/twitter.com\/FISCALIA_GobOax\/status\/1381023765895782400?ref_src=twsrc%5Etfw\">10 de abril de 2021<\/a><\/blockquote><\/div>\n<\/div><\/figure>\n\n\n\n<p>LOS REQUERIMIENTOS<\/p>\n\n\n\n<p>Entre los requerimientos del Comit\u00e9 contra la Desaparici\u00f3n Forzada hacia el Estado mexicano establece:<\/p>\n\n\n\n<p>1. Asegurar que la estrategia tenga un enfoque diferencial, y que todas las etapas de la b\u00fasqueda se realicen con perspectiva de g\u00e9nero y con el personal adecuadamente capacitado<\/p>\n\n\n\n<p>2. Una estrategia integral que incluya un plan de acci\u00f3n y un cronograma para la b\u00fasqueda exhaustiva de la Sra. Uruchurtu Cruz.<\/p>\n\n\n\n<p>3. Asegurar que dicha estrategia est\u00e9 evaluada peri\u00f3dicamente y cumpla con los requisitos de la debida diligencia para todas las etapas del proceso de b\u00fasqueda<\/p>\n\n\n\n<p>4. Identificaci\u00f3n de los perpetradores de la desaparici\u00f3n forzada de la Sra. Uruchurtu Cruz<\/p>\n\n\n\n<p>5. Proporcionar informaci\u00f3n sobre las medidas adoptadas para identificar a los perpetradores de la alegada desaparici\u00f3n forzada de la Sra. Uruchurtu Cruz, de conformidad con sus obligaciones convencionales en virtud del art\u00edculo 12 de la Convenci\u00f3n, y a la luz del principio 13 de los Principios rectores para la b\u00fasqueda de personas desaparecidas.<\/p>\n\n\n\n<p>Parte importante de este requerimiento del El Comit\u00e9 es que el Estado mexicano le env\u00ede informaci\u00f3n sobre las medidas adoptadas con relaci\u00f3n a cada una de las preocupaciones y recomendaciones resaltadas en la presente antes del d\u00eda 15 de abril de 2021.<\/p>\n\n\n\n<p>Asimismo, el Comit\u00e9 recuerda al Estado parte que de conformidad con el art\u00edculo 30, p\u00e1rrafo 4, de la Convenci\u00f3n, el Comit\u00e9 proseguir\u00e1 sus esfuerzos para colaborar con el Estado parte mientras la suerte y el paradero de la Sra. Claudia Uruchurtu Cruz no hayan sido esclarecidos.<\/p>\n","protected":false},"excerpt":{"rendered":"<p>Ismael Garc\u00eda M.\/Zona Roja. Oaxaca de Ju\u00e1rez, Oax., 10 de abril de 2021.- Tras el&hellip;<\/p>\n","protected":false},"author":2,"featured_media":25817,"comment_status":"closed","ping_status":"open","sticky":false,"template":"","format":"standard","meta":{"_lmt_disableupdate":"","_lmt_disable":"","_jetpack_memberships_contains_paid_content":false,"footnotes":""},"categories":[109,47],"tags":[2582],"class_list":["post-25816","post","type-post","status-publish","format-standard","has-post-thumbnail","hentry","category-minuto-a-minuto","category-zona-gris","tag-claudia-uruchurtu-cruz"],"jetpack_featured_media_url":"https:\/\/zonaroja.com.mx\/wp-content\/uploads\/2021\/04\/Alerta-Rosa-Claudia-Uruchurtu.jpg","jetpack_sharing_enabled":true,"_links":{"self":[{"href":"https:\/\/zonaroja.com.mx\/index.php?rest_route=\/wp\/v2\/posts\/25816","targetHints":{"allow":["GET"]}}],"collection":[{"href":"https:\/\/zonaroja.com.mx\/index.php?rest_route=\/wp\/v2\/posts"}],"about":[{"href":"https:\/\/zonaroja.com.mx\/index.php?rest_route=\/wp\/v2\/types\/post"}],"author":[{"embeddable":true,"href":"https:\/\/zonaroja.com.mx\/index.php?rest_route=\/wp\/v2\/users\/2"}],"replies":[{"embeddable":true,"href":"https:\/\/zonaroja.com.mx\/index.php?rest_route=%2Fwp%2Fv2%2Fcomments&post=25816"}],"version-history":[{"count":1,"href":"https:\/\/zonaroja.com.mx\/index.php?rest_route=\/wp\/v2\/posts\/25816\/revisions"}],"predecessor-version":[{"id":25818,"href":"https:\/\/zonaroja.com.mx\/index.php?rest_route=\/wp\/v2\/posts\/25816\/revisions\/25818"}],"wp:featuredmedia":[{"embeddable":true,"href":"https:\/\/zonaroja.com.mx\/index.php?rest_route=\/wp\/v2\/media\/25817"}],"wp:attachment":[{"href":"https:\/\/zonaroja.com.mx\/index.php?rest_route=%2Fwp%2Fv2%2Fmedia&parent=25816"}],"wp:term":[{"taxonomy":"category","embeddable":true,"href":"https:\/\/zonaroja.com.mx\/index.php?rest_route=%2Fwp%2Fv2%2Fcategories&post=25816"},{"taxonomy":"post_tag","embeddable":true,"href":"https:\/\/zonaroja.com.mx\/index.php?rest_route=%2Fwp%2Fv2%2Ftags&post=25816"}],"curies":[{"name":"wp","href":"https:\/\/api.w.org\/{rel}","templated":true}]}}