{"id":25822,"date":"2021-04-11T10:00:02","date_gmt":"2021-04-11T15:00:02","guid":{"rendered":"http:\/\/www.zonaroja.com.mx\/?p=25822"},"modified":"2021-04-11T15:09:28","modified_gmt":"2021-04-11T20:09:28","slug":"buscan-a-seis-mujeres-desaparecidas-tambien-dos-varones","status":"publish","type":"post","link":"https:\/\/zonaroja.com.mx\/?p=25822","title":{"rendered":"Buscan a sietemujeres desaparecidas; tambi\u00e9n dos varones"},"content":{"rendered":"\n<p>Yuridiana Sosa\/Zona Roja.<\/p>\n\n\n\n<p>Oaxaca de Ju\u00e1rez, Oax., 11 de abril de 2021.- La desaparici\u00f3n de mujeres, principalmente de j\u00f3venes, no se detienen en la entidad y la lista de fichas activas de b\u00fasqueda por parte de la Fiscal\u00eda de Oaxaca durante el mes de abril, lleg\u00f3 a siete en el transcurso de 10 d\u00edas.<\/p>\n\n\n\n<p>La Unidad de B\u00fasqueda de Personas Desaparecidas y No Localizadas de la Fiscal\u00eda General del Estado, tambi\u00e9n public\u00f3 los datos para encontrar a dos j\u00f3venes varones.<\/p>\n\n\n\n<p>As\u00ed como realiz\u00f3 la difusi\u00f3n de fichas para localizar a tres mujeres desaparecidas en otros a\u00f1os, dos en 2020 y una 2017, en las regiones de la Cuenca y Valles Centrales.<\/p>\n\n\n\n<p>El m\u00e1s reciente caso es el de Jocelyn Guadalupe Garc\u00eda Ram\u00edrez, de 17 a\u00f1os de edad, desaparecida este domingo 11 de abril en la colonia Bugambilias, agencia Santa Rosa Panzacola, de la ciudad de Oaxaca.<\/p>\n\n\n\n<p>Familiares piden ayuda para localizar a  Graciela Jazm\u00edn Olivera Carmona, de 13 a\u00f1os, vista por \u00faltima vez desde el pasado 3 de abril en Santa Mar\u00eda Colotepec, en la regi\u00f3n de la Costa.<\/p>\n\n\n\n<p>En la Cuenca, desapareci\u00f3 en San Juan Bautista Tuxtepec, Luisa Lorenzo Mej\u00eda de 46 a\u00f1os, el pasado 7 de abril.<\/p>\n\n\n\n<p>El 3 de abril se report\u00f3 la no localizaci\u00f3n de Mar\u00eda Rosario Guti\u00e9rrez Garc\u00eda, de 23 a\u00f1os, desaparecida ese mismo d\u00eda, en Santa Ana del Valle, en la regi\u00f3n de Valles Centrales y el 1 de abril se dio a conocer el caso de Celia Citlaly Canseco L\u00f3pez, de 14 A\u00f1os, vista por \u00faltima vez el 31 de marzo en la colonia Pilar de San Jacinto Amilpas.<\/p>\n\n\n\n<p>DE OTROS A\u00d1OS<\/p>\n\n\n\n<p>Mientras que por los casos con mayor tiempo de desaparecidas se lanz\u00f3 la ficha para localizar a Marlen Morales Hern\u00e1ndez de 33 a\u00f1os, de quien se desconoce su paradero desde el 20 de octubre de 2017 cuando fue vista por \u00faltima vez en la colonia Mundo Nuevo de San Juan Bautista Tuxtepec, en la regi\u00f3n de la Cuenca.<\/p>\n\n\n\n<p>En el municipio de Valle Nacional, de esa misma regi\u00f3n, Estrella Virginia Felipe Miguel, de 19 a\u00f1os desapareci\u00f3 desde el 21 de diciembre de 2020, en San Rafael Agua Pescadito.<\/p>\n\n\n\n<p>Adem\u00e1s, se public\u00f3 la b\u00fasqueda para \u00c1ngela S\u00e1nchez Cruz de 68 a\u00f1os, vista por \u00faltima vez el 19 de mayo de 2020 en Santa Luc\u00eda del Camino, en Valles Centrales.<\/p>\n\n\n\n<p>LOS VARONES<\/p>\n\n\n\n<p>En el caso de los hombres, se pide la colaboraci\u00f3n para encontrar a Cristian Alexis Cantero Mares, de 15 a\u00f1os, desaparecido el 6 de abril de este a\u00f1o en la Colonia Las Flores de San Juan Bautista Tuxtepec y a V\u00edctor Gonz\u00e1lez Roque de 16 a\u00f1os, quien desapareci\u00f3 en ese misma fecha pero en la capital del estado.<\/p>\n","protected":false},"excerpt":{"rendered":"<p>Yuridiana Sosa\/Zona Roja. Oaxaca de Ju\u00e1rez, Oax., 11 de abril de 2021.- La desaparici\u00f3n de&hellip;<\/p>\n","protected":false},"author":2,"featured_media":25839,"comment_status":"closed","ping_status":"open","sticky":false,"template":"","format":"standard","meta":{"_lmt_disableupdate":"","_lmt_disable":"","_jetpack_memberships_contains_paid_content":false,"footnotes":""},"categories":[109,47],"tags":[455],"class_list":["post-25822","post","type-post","status-publish","format-standard","has-post-thumbnail","hentry","category-minuto-a-minuto","category-zona-gris","tag-mujeres-desaparecidas-oaxaca"],"jetpack_featured_media_url":"https:\/\/zonaroja.com.mx\/wp-content\/uploads\/2021\/04\/img_2587.jpg","jetpack_sharing_enabled":true,"_links":{"self":[{"href":"https:\/\/zonaroja.com.mx\/index.php?rest_route=\/wp\/v2\/posts\/25822","targetHints":{"allow":["GET"]}}],"collection":[{"href":"https:\/\/zonaroja.com.mx\/index.php?rest_route=\/wp\/v2\/posts"}],"about":[{"href":"https:\/\/zonaroja.com.mx\/index.php?rest_route=\/wp\/v2\/types\/post"}],"author":[{"embeddable":true,"href":"https:\/\/zonaroja.com.mx\/index.php?rest_route=\/wp\/v2\/users\/2"}],"replies":[{"embeddable":true,"href":"https:\/\/zonaroja.com.mx\/index.php?rest_route=%2Fwp%2Fv2%2Fcomments&post=25822"}],"version-history":[{"count":3,"href":"https:\/\/zonaroja.com.mx\/index.php?rest_route=\/wp\/v2\/posts\/25822\/revisions"}],"predecessor-version":[{"id":25849,"href":"https:\/\/zonaroja.com.mx\/index.php?rest_route=\/wp\/v2\/posts\/25822\/revisions\/25849"}],"wp:featuredmedia":[{"embeddable":true,"href":"https:\/\/zonaroja.com.mx\/index.php?rest_route=\/wp\/v2\/media\/25839"}],"wp:attachment":[{"href":"https:\/\/zonaroja.com.mx\/index.php?rest_route=%2Fwp%2Fv2%2Fmedia&parent=25822"}],"wp:term":[{"taxonomy":"category","embeddable":true,"href":"https:\/\/zonaroja.com.mx\/index.php?rest_route=%2Fwp%2Fv2%2Fcategories&post=25822"},{"taxonomy":"post_tag","embeddable":true,"href":"https:\/\/zonaroja.com.mx\/index.php?rest_route=%2Fwp%2Fv2%2Ftags&post=25822"}],"curies":[{"name":"wp","href":"https:\/\/api.w.org\/{rel}","templated":true}]}}