{"id":2583,"date":"2019-07-28T08:53:18","date_gmt":"2019-07-28T13:53:18","guid":{"rendered":"http:\/\/www.zonaroja.com.mx\/?p=2583"},"modified":"2019-07-28T08:53:20","modified_gmt":"2019-07-28T13:53:20","slug":"mientras-fiscal-se-toma-foto-con-directivos-asaltan-otro-oxxo","status":"publish","type":"post","link":"https:\/\/zonaroja.com.mx\/?p=2583","title":{"rendered":"Mientras fiscal se toma foto con directivos, asaltan otro Oxxo"},"content":{"rendered":"\n<p>Redacci\u00f3n<\/p>\n\n\n\n<p>Oaxaca de Ju\u00e1rez, Oax., 28 de julio de\n2019.- Mientras el titular de la Fiscal\u00eda General del Estado, Rub\u00e9n Vasconcelos\nM\u00e9ndez, convenc\u00eda a directivos de Oxxo de que se indagan delitos contra esa\ncadena de tiendas y se tomaba foto con ellos, en Juchit\u00e1n de Zaragoza fue\nasaltada una negociaci\u00f3n, que reci\u00e9n abri\u00f3 sus puertas.<\/p>\n\n\n\n<p>Fue la noche del s\u00e1bado en que se\nperpetr\u00f3 el atraco en el establecimiento ubicado contraesquina de la sede del Instituto\nTecnol\u00f3gico del Istmo, donde al menos dos sujetos ingresaron a la tienda Oxxo,\namagaron con armas a los empleados y se llevaron dinero en efectivo. <\/p>\n\n\n\n<p>Luego huyeron a bordo de un mototaxi;\nla sucursal de la tienda ten\u00eda una semana de haber abierto sus puertas.<\/p>\n\n\n\n<p>Horas antes, el fiscal Rub\u00e9n\nVasconcelos recibi\u00f3 a directivos de la regi\u00f3n sureste de Oxxo, quienes\nreclamaron el incremento de robos a ese tipo de tiendas, entre ellas en las\n\u00faltimas semanas, dos veces a la negociaci\u00f3n ubicada en la colonia Las Flores y\ndos a la situada en la avenida Ferrocarril, ambos en Santa Luc\u00eda del Camino,\nas\u00ed como una m\u00e1s en el Centro Hist\u00f3rico.<\/p>\n\n\n\n<p>\u201cEl fiscal General @RVasconcelosM inform\u00f3 que a la fecha se ha obtenido sentencia contra tres personas del sexo masculino por el delito de robo calificado en perjuicio de @Tiendas_OXXO; tres m\u00e1s se encuentran bajo proceso judicial y se han librado seis \u00f3rdenes de aprehensi\u00f3n\u201d, tuite\u00f3 la instancia de procuraci\u00f3n de justicia. No hubo comunicado respecto de la reuni\u00f3n.<\/p>\n\n\n\n<figure class=\"wp-block-embed-twitter wp-block-embed is-type-rich is-provider-twitter\"><div class=\"wp-block-embed__wrapper\">\n<div class=\"twitter-tweet\"><blockquote class=\"twitter-tweet\" data-lang=\"es\"><p lang=\"es\" dir=\"ltr\">El Fiscal General <a href=\"https:\/\/twitter.com\/RVasconcelosM?ref_src=twsrc%5Etfw\">@RVasconcelosM<\/a> inform\u00f3 que a la fecha se ha obtenido sentencia contra tres personas del sexo masculino por el delito de robo calificado en perjuicio de <a href=\"https:\/\/twitter.com\/Tiendas_OXXO?ref_src=twsrc%5Etfw\">@Tiendas_OXXO<\/a> ; tres m\u00e1s se encuentran bajo proceso judicial y se han librado seis \u00f3rdenes de aprehensi\u00f3n. <a href=\"https:\/\/t.co\/5cyXcUacX5\">pic.twitter.com\/5cyXcUacX5<\/a><\/p>&mdash; Fiscal\u00eda General (@FISCALIA_GobOax) <a href=\"https:\/\/twitter.com\/FISCALIA_GobOax\/status\/1155214229437214720?ref_src=twsrc%5Etfw\">27 de julio de 2019<\/a><\/blockquote><\/div>\n<\/div><\/figure>\n","protected":false},"excerpt":{"rendered":"<p>Redacci\u00f3n Oaxaca de Ju\u00e1rez, Oax., 28 de julio de 2019.- Mientras el titular de la&hellip;<\/p>\n","protected":false},"author":2,"featured_media":2584,"comment_status":"closed","ping_status":"open","sticky":false,"template":"","format":"standard","meta":{"_lmt_disableupdate":"","_lmt_disable":"","_jetpack_memberships_contains_paid_content":false,"footnotes":""},"categories":[109,51],"tags":[416],"class_list":["post-2583","post","type-post","status-publish","format-standard","has-post-thumbnail","hentry","category-minuto-a-minuto","category-zona-roja","tag-asaltos-tiendas-oxxo-oaxaca"],"jetpack_featured_media_url":"https:\/\/zonaroja.com.mx\/wp-content\/uploads\/2019\/07\/Fiscal-y-Oxxo.jpg","jetpack_sharing_enabled":true,"_links":{"self":[{"href":"https:\/\/zonaroja.com.mx\/index.php?rest_route=\/wp\/v2\/posts\/2583","targetHints":{"allow":["GET"]}}],"collection":[{"href":"https:\/\/zonaroja.com.mx\/index.php?rest_route=\/wp\/v2\/posts"}],"about":[{"href":"https:\/\/zonaroja.com.mx\/index.php?rest_route=\/wp\/v2\/types\/post"}],"author":[{"embeddable":true,"href":"https:\/\/zonaroja.com.mx\/index.php?rest_route=\/wp\/v2\/users\/2"}],"replies":[{"embeddable":true,"href":"https:\/\/zonaroja.com.mx\/index.php?rest_route=%2Fwp%2Fv2%2Fcomments&post=2583"}],"version-history":[{"count":1,"href":"https:\/\/zonaroja.com.mx\/index.php?rest_route=\/wp\/v2\/posts\/2583\/revisions"}],"predecessor-version":[{"id":2585,"href":"https:\/\/zonaroja.com.mx\/index.php?rest_route=\/wp\/v2\/posts\/2583\/revisions\/2585"}],"wp:featuredmedia":[{"embeddable":true,"href":"https:\/\/zonaroja.com.mx\/index.php?rest_route=\/wp\/v2\/media\/2584"}],"wp:attachment":[{"href":"https:\/\/zonaroja.com.mx\/index.php?rest_route=%2Fwp%2Fv2%2Fmedia&parent=2583"}],"wp:term":[{"taxonomy":"category","embeddable":true,"href":"https:\/\/zonaroja.com.mx\/index.php?rest_route=%2Fwp%2Fv2%2Fcategories&post=2583"},{"taxonomy":"post_tag","embeddable":true,"href":"https:\/\/zonaroja.com.mx\/index.php?rest_route=%2Fwp%2Fv2%2Ftags&post=2583"}],"curies":[{"name":"wp","href":"https:\/\/api.w.org\/{rel}","templated":true}]}}