{"id":25830,"date":"2021-04-11T07:56:55","date_gmt":"2021-04-11T12:56:55","guid":{"rendered":"http:\/\/www.zonaroja.com.mx\/?p=25830"},"modified":"2021-04-11T07:56:58","modified_gmt":"2021-04-11T12:56:58","slug":"era-escritor-el-asesinado-en-centro-de-la-ciudad-de-oaxaca","status":"publish","type":"post","link":"https:\/\/zonaroja.com.mx\/?p=25830","title":{"rendered":"Era escritor, el asesinado en centro de la ciudad de Oaxaca"},"content":{"rendered":"\n<p>Ismael Garc\u00eda M.\/Zona Roja.<\/p>\n\n\n\n<p>Oaxaca de Ju\u00e1rez, Oax., 11 de abril de 2021.- Como Juan Carlos D\u00edaz Arag\u00f3n, escritor y sobrino del ex secretario de Salud, Rafael Arag\u00f3n Kuri, fue identificado el hombre asesinado ayer por la ma\u00f1ana en su domicilio.<\/p>\n\n\n\n<p>\u201c\u00a1Exigimos justicia! Ahora queremos los resultados que exigieron los diputados de Morena en la C\u00e1mara de Diputados en Oaxaca para que llegara el fiscal Arturo Peimbert, reclamaron los familiares, entre ellos la periodista local Roc\u00edo Arag\u00f3n.<\/p>\n\n\n\n<p>Seg\u00fan expusieron, Juan Carlos era escritor, historiador, humanista, int\u00e9rprete de c\u00f3dices precolombinos y autor de varios libros.<\/p>\n\n\n\n<p>\u201cSu constante aportaci\u00f3n desinteresada a los asilos y su frescura para vivir, nos hace sentir tan grande dolor, exigimos justicia por el arrebato de su preciada vida. \u00a1Justicia!\u201d, difundieron a trav\u00e9s de redes sociales.<\/p>\n\n\n\n<p>En tanto, la comunicadora oaxaque\u00f1a Roc\u00edo Arag\u00f3n, escribi\u00f3:<\/p>\n\n\n\n<p>\u201cCada d\u00eda los hechos de sangre a plena luz del d\u00eda enlutan familias. Esta noche (ayer) no puede creer que alguien le haya arrebatado la vida a mi primo Juan Carlos D\u00edaz Arag\u00f3n.<\/p>\n\n\n\n<p>\u201c\u2019Dos viento de lluvia\u2019, reconocido escritor y humanista, un hombre que agregaba valor a la vida de las personas. Esta ma\u00f1ana (ayer) en el coraz\u00f3n de la ciudad le fue arrancada la vida. Hoy la familia Arag\u00f3n exigimos justicia.<\/p>\n\n\n\n<p>\u201cMis condolencias a mis t\u00edos Guadalupe Arag\u00f3n Guzm\u00e1n y Eucario D\u00edaz Reyes, a mis primos y sobrinos les abrazo con el alma\u201d.<\/p>\n\n\n\n<p>Juan Carlos fue asesinado ayer en la ma\u00f1ana en el interior de su domicilio, en la calle J. P. Garc\u00eda, entre Aldama y Mina, a unas cinco cuadras del z\u00f3calo de la capital oaxaque\u00f1a.<\/p>\n\n\n\n<p>Presuntamente se trat\u00f3 de un asalto, pues su veh\u00edculo ten\u00eda las puertas abiertas, mientras que sus pertenencias se hallaban revueltas; se habr\u00edan robado joyas y dinero; el cuerpo apareci\u00f3 con sogas y s\u00e1banas en el cuello, para aparentar un suicidio.<\/p>\n\n\n\n<p>El crimen se perpetr\u00f3 a unas dos cuadras de la sede metropolitana de la Fiscal\u00eda General del Estado de Oaxaca, que se ubica en la calle de Arista. Hasta el momento no hay personas detenidas.<\/p>\n","protected":false},"excerpt":{"rendered":"<p>Ismael Garc\u00eda M.\/Zona Roja. Oaxaca de Ju\u00e1rez, Oax., 11 de abril de 2021.- Como Juan&hellip;<\/p>\n","protected":false},"author":2,"featured_media":25831,"comment_status":"closed","ping_status":"open","sticky":false,"template":"","format":"standard","meta":{"_lmt_disableupdate":"","_lmt_disable":"","_jetpack_memberships_contains_paid_content":false,"footnotes":""},"categories":[109,51],"tags":[2599],"class_list":["post-25830","post","type-post","status-publish","format-standard","has-post-thumbnail","hentry","category-minuto-a-minuto","category-zona-roja","tag-juan-carlos-diaz-aragon"],"jetpack_featured_media_url":"https:\/\/zonaroja.com.mx\/wp-content\/uploads\/2021\/04\/Juan-Carlos-Diaz-Aragon.jpg","jetpack_sharing_enabled":true,"_links":{"self":[{"href":"https:\/\/zonaroja.com.mx\/index.php?rest_route=\/wp\/v2\/posts\/25830","targetHints":{"allow":["GET"]}}],"collection":[{"href":"https:\/\/zonaroja.com.mx\/index.php?rest_route=\/wp\/v2\/posts"}],"about":[{"href":"https:\/\/zonaroja.com.mx\/index.php?rest_route=\/wp\/v2\/types\/post"}],"author":[{"embeddable":true,"href":"https:\/\/zonaroja.com.mx\/index.php?rest_route=\/wp\/v2\/users\/2"}],"replies":[{"embeddable":true,"href":"https:\/\/zonaroja.com.mx\/index.php?rest_route=%2Fwp%2Fv2%2Fcomments&post=25830"}],"version-history":[{"count":1,"href":"https:\/\/zonaroja.com.mx\/index.php?rest_route=\/wp\/v2\/posts\/25830\/revisions"}],"predecessor-version":[{"id":25832,"href":"https:\/\/zonaroja.com.mx\/index.php?rest_route=\/wp\/v2\/posts\/25830\/revisions\/25832"}],"wp:featuredmedia":[{"embeddable":true,"href":"https:\/\/zonaroja.com.mx\/index.php?rest_route=\/wp\/v2\/media\/25831"}],"wp:attachment":[{"href":"https:\/\/zonaroja.com.mx\/index.php?rest_route=%2Fwp%2Fv2%2Fmedia&parent=25830"}],"wp:term":[{"taxonomy":"category","embeddable":true,"href":"https:\/\/zonaroja.com.mx\/index.php?rest_route=%2Fwp%2Fv2%2Fcategories&post=25830"},{"taxonomy":"post_tag","embeddable":true,"href":"https:\/\/zonaroja.com.mx\/index.php?rest_route=%2Fwp%2Fv2%2Ftags&post=25830"}],"curies":[{"name":"wp","href":"https:\/\/api.w.org\/{rel}","templated":true}]}}