{"id":25833,"date":"2021-04-11T07:59:44","date_gmt":"2021-04-11T12:59:44","guid":{"rendered":"http:\/\/www.zonaroja.com.mx\/?p=25833"},"modified":"2021-04-11T07:59:49","modified_gmt":"2021-04-11T12:59:49","slug":"matan-a-balazos-a-individuo-y-lesionan-a-otro-por-asalto-en-oaxaca-capital","status":"publish","type":"post","link":"https:\/\/zonaroja.com.mx\/?p=25833","title":{"rendered":"Matan a balazos a individuo y lesionan a otro, por asalto en Oaxaca capital"},"content":{"rendered":"\n<p>Ismael Garc\u00eda M.\/Zona Roja.<\/p>\n\n\n\n<p>Oaxaca de Ju\u00e1rez, Oax., 11 de abril de 2021.- Una persona asesinada y otra m\u00e1s lesionada fue el saldo de un asalto a motociclistas, cerca de la media noche de ayer, en los l\u00edmites de la ciudad de Oaxaca con Santa Luc\u00eda del Camino.<\/p>\n\n\n\n<p>El ataque armado se perpetr\u00f3 sobre la avenida 19 de Septiembre, frente al bar \u201cLa Costa\u201d, entre la colonia Fernando G\u00f3mez Sandoval y la agencia de Cinco Se\u00f1ores.<\/p>\n\n\n\n<p>Sujetos armados asaltaron a los j\u00f3venes pero al oponer resistencia, les dispararon sus armas de fuego; uno muri\u00f3 al instante y otro fue trasladado a un hospital de la capital; a\u00fan se desconocen sus identidades.<\/p>\n\n\n\n<figure class=\"wp-block-image size-large is-resized\"><img decoding=\"async\" src=\"http:\/\/www.zonaroja.com.mx\/wp-content\/uploads\/2021\/04\/Muerto-bar-la-costa-576x1024.jpg\" alt=\"\" class=\"wp-image-25834\" width=\"442\" height=\"786\" srcset=\"https:\/\/zonaroja.com.mx\/wp-content\/uploads\/2021\/04\/Muerto-bar-la-costa-576x1024.jpg 576w, https:\/\/zonaroja.com.mx\/wp-content\/uploads\/2021\/04\/Muerto-bar-la-costa-169x300.jpg 169w, https:\/\/zonaroja.com.mx\/wp-content\/uploads\/2021\/04\/Muerto-bar-la-costa-585x1040.jpg 585w, https:\/\/zonaroja.com.mx\/wp-content\/uploads\/2021\/04\/Muerto-bar-la-costa.jpg 720w\" sizes=\"(max-width: 442px) 100vw, 442px\" \/><\/figure>\n\n\n\n<p>OTRO MUERTO<\/p>\n\n\n\n<p>Por otra parte, una persona perdi\u00f3 la vida anoche alrededor de las 22:00 horas y una m\u00e1s result\u00f3 lesionada, al chocar su camioneta con la barda de la Escuela Preparatoria 1 de la UABJO, en la avenida Perif\u00e9rico.<\/p>\n\n\n\n<p>La camioneta marca Ford, tipo Ranger, color blanca con placas de circulaci\u00f3n del estado de Oaxaca; presuntamente el conductor conduc\u00eda en estado de ebriedad y con exceso de velocidad.<\/p>\n\n\n\n<figure class=\"wp-block-embed-twitter wp-block-embed is-type-rich is-provider-twitter\"><div class=\"wp-block-embed__wrapper\">\n<div class=\"twitter-tweet\"><blockquote class=\"twitter-tweet\" data-lang=\"es\"><p lang=\"es\" dir=\"ltr\"><a href=\"https:\/\/twitter.com\/hashtag\/%C3%9AltimoMinuto?src=hash&amp;ref_src=twsrc%5Etfw\">#\u00daltimoMinuto<\/a> <br>Una persona fallecida y una lesionada es el saldo preliminar del choque de una camioneta contra una barda, ocurrido esta noche en el Perif\u00e9rico casi esquina con 20 de Noviembre, ciudad de Oaxaca. <br>Video: <a href=\"https:\/\/twitter.com\/Javier_prensa?ref_src=twsrc%5Etfw\">@Javier_prensa<\/a>. <a href=\"https:\/\/t.co\/3PPM1JuQHF\">pic.twitter.com\/3PPM1JuQHF<\/a><\/p>&mdash; Zona Roja Oaxaca (@Zona_Roja_Oax) <a href=\"https:\/\/twitter.com\/Zona_Roja_Oax\/status\/1381093575446958086?ref_src=twsrc%5Etfw\">11 de abril de 2021<\/a><\/blockquote><\/div>\n<\/div><\/figure>\n","protected":false},"excerpt":{"rendered":"<p>Ismael Garc\u00eda M.\/Zona Roja. Oaxaca de Ju\u00e1rez, Oax., 11 de abril de 2021.- Una persona&hellip;<\/p>\n","protected":false},"author":2,"featured_media":7486,"comment_status":"closed","ping_status":"open","sticky":false,"template":"","format":"standard","meta":{"_lmt_disableupdate":"","_lmt_disable":"","_jetpack_memberships_contains_paid_content":false,"footnotes":""},"categories":[109,51],"tags":[148],"class_list":["post-25833","post","type-post","status-publish","format-standard","has-post-thumbnail","hentry","category-minuto-a-minuto","category-zona-roja","tag-oaxaca-de-juarez"],"jetpack_featured_media_url":"https:\/\/zonaroja.com.mx\/wp-content\/uploads\/2020\/01\/Escena-del-crimen7.jpg","jetpack_sharing_enabled":true,"_links":{"self":[{"href":"https:\/\/zonaroja.com.mx\/index.php?rest_route=\/wp\/v2\/posts\/25833","targetHints":{"allow":["GET"]}}],"collection":[{"href":"https:\/\/zonaroja.com.mx\/index.php?rest_route=\/wp\/v2\/posts"}],"about":[{"href":"https:\/\/zonaroja.com.mx\/index.php?rest_route=\/wp\/v2\/types\/post"}],"author":[{"embeddable":true,"href":"https:\/\/zonaroja.com.mx\/index.php?rest_route=\/wp\/v2\/users\/2"}],"replies":[{"embeddable":true,"href":"https:\/\/zonaroja.com.mx\/index.php?rest_route=%2Fwp%2Fv2%2Fcomments&post=25833"}],"version-history":[{"count":1,"href":"https:\/\/zonaroja.com.mx\/index.php?rest_route=\/wp\/v2\/posts\/25833\/revisions"}],"predecessor-version":[{"id":25835,"href":"https:\/\/zonaroja.com.mx\/index.php?rest_route=\/wp\/v2\/posts\/25833\/revisions\/25835"}],"wp:featuredmedia":[{"embeddable":true,"href":"https:\/\/zonaroja.com.mx\/index.php?rest_route=\/wp\/v2\/media\/7486"}],"wp:attachment":[{"href":"https:\/\/zonaroja.com.mx\/index.php?rest_route=%2Fwp%2Fv2%2Fmedia&parent=25833"}],"wp:term":[{"taxonomy":"category","embeddable":true,"href":"https:\/\/zonaroja.com.mx\/index.php?rest_route=%2Fwp%2Fv2%2Fcategories&post=25833"},{"taxonomy":"post_tag","embeddable":true,"href":"https:\/\/zonaroja.com.mx\/index.php?rest_route=%2Fwp%2Fv2%2Ftags&post=25833"}],"curies":[{"name":"wp","href":"https:\/\/api.w.org\/{rel}","templated":true}]}}