{"id":25837,"date":"2021-04-11T11:08:02","date_gmt":"2021-04-11T16:08:02","guid":{"rendered":"https:\/\/www.zonaroja.com.mx\/?p=25837"},"modified":"2021-04-11T11:08:04","modified_gmt":"2021-04-11T16:08:04","slug":"tras-anuncio-de-semaforo-verde-analizara-la-uabjo-retorno-seguro-a-clases-presenciales","status":"publish","type":"post","link":"https:\/\/zonaroja.com.mx\/?p=25837","title":{"rendered":"Tras anuncio de sem\u00e1foro verde, analizar\u00e1 la UABJO retorno seguro a clases presenciales"},"content":{"rendered":"\n<p>Ismael Garc\u00eda\/Zona Roja. <\/p>\n\n\n\n<p>Oaxaca de Ju\u00e1rez, Oax., 11 de abril del 2021.- Luego del anuncio del gobierno federal, que Oaxaca iniciar\u00e1 a partir de ma\u00f1ana en el sem\u00e1foro epidemiol\u00f3gico color verde, la Universidad Aut\u00f3noma \u201cBenito Ju\u00e1rez\u201d de Oaxaca analizar\u00e1 las medidas para un pr\u00f3ximo retorno seguro a clases presenciales. <\/p>\n\n\n\n<p>A trav\u00e9s de un desplegado, la instituci\u00f3n dio a conocer que a partir de esta semana iniciar\u00e1 una serie de reuniones con directores de escuelas, facultades e institutos, tanto del nivel medio superior como superior, as\u00ed como de las diferentes expresiones sindicales. <\/p>\n\n\n\n<p>Lo anterior con la finalidad de analizar y definir las acciones estrat\u00e9gicas que permitan un retorno presencial a las actividades acad\u00e9mico-administrativas, \u201cde manera gradual y segura, atendiendo las recomendaciones de las instancias competentes, a nivel local y nacional. <\/p>\n\n\n\n<p>\u201cAs\u00ed como de la Comisi\u00f3n T\u00e9cnica de las Medidas de Salud\u201d de la m\u00e1xima casa de estudios, que preside el rector Eduardo Bautista Mart\u00ednez. <\/p>\n\n\n\n<p>Pidi\u00f3 a la comunidad universitaria en general mantenerse al tanto de la informaci\u00f3n que se difunde a trav\u00e9s del sitio oficial de la UABJO, as\u00ed como a trav\u00e9s de las redes sociales. <\/p>\n","protected":false},"excerpt":{"rendered":"<p>Ismael Garc\u00eda\/Zona Roja. Oaxaca de Ju\u00e1rez, Oax., 11 de abril del 2021.- Luego del anuncio&hellip;<\/p>\n","protected":false},"author":2,"featured_media":25836,"comment_status":"closed","ping_status":"open","sticky":false,"template":"","format":"standard","meta":{"_lmt_disableupdate":"","_lmt_disable":"","_jetpack_memberships_contains_paid_content":false,"footnotes":""},"categories":[109,46],"tags":[282],"class_list":["post-25837","post","type-post","status-publish","format-standard","has-post-thumbnail","hentry","category-minuto-a-minuto","category-zona-blanca","tag-universidad-autonoma-benito-juarez-de-oaxaca"],"jetpack_featured_media_url":"https:\/\/zonaroja.com.mx\/wp-content\/uploads\/2021\/04\/img_2581.jpg","jetpack_sharing_enabled":true,"_links":{"self":[{"href":"https:\/\/zonaroja.com.mx\/index.php?rest_route=\/wp\/v2\/posts\/25837","targetHints":{"allow":["GET"]}}],"collection":[{"href":"https:\/\/zonaroja.com.mx\/index.php?rest_route=\/wp\/v2\/posts"}],"about":[{"href":"https:\/\/zonaroja.com.mx\/index.php?rest_route=\/wp\/v2\/types\/post"}],"author":[{"embeddable":true,"href":"https:\/\/zonaroja.com.mx\/index.php?rest_route=\/wp\/v2\/users\/2"}],"replies":[{"embeddable":true,"href":"https:\/\/zonaroja.com.mx\/index.php?rest_route=%2Fwp%2Fv2%2Fcomments&post=25837"}],"version-history":[{"count":1,"href":"https:\/\/zonaroja.com.mx\/index.php?rest_route=\/wp\/v2\/posts\/25837\/revisions"}],"predecessor-version":[{"id":25838,"href":"https:\/\/zonaroja.com.mx\/index.php?rest_route=\/wp\/v2\/posts\/25837\/revisions\/25838"}],"wp:featuredmedia":[{"embeddable":true,"href":"https:\/\/zonaroja.com.mx\/index.php?rest_route=\/wp\/v2\/media\/25836"}],"wp:attachment":[{"href":"https:\/\/zonaroja.com.mx\/index.php?rest_route=%2Fwp%2Fv2%2Fmedia&parent=25837"}],"wp:term":[{"taxonomy":"category","embeddable":true,"href":"https:\/\/zonaroja.com.mx\/index.php?rest_route=%2Fwp%2Fv2%2Fcategories&post=25837"},{"taxonomy":"post_tag","embeddable":true,"href":"https:\/\/zonaroja.com.mx\/index.php?rest_route=%2Fwp%2Fv2%2Ftags&post=25837"}],"curies":[{"name":"wp","href":"https:\/\/api.w.org\/{rel}","templated":true}]}}