{"id":25841,"date":"2021-04-11T13:41:45","date_gmt":"2021-04-11T18:41:45","guid":{"rendered":"http:\/\/www.zonaroja.com.mx\/?p=25841"},"modified":"2021-04-11T13:41:50","modified_gmt":"2021-04-11T18:41:50","slug":"se-vuelve-internacional-desaparicion-de-claudia-interviene-gobierno-britanico","status":"publish","type":"post","link":"https:\/\/zonaroja.com.mx\/?p=25841","title":{"rendered":"Se vuelve internacional desaparici\u00f3n de Claudia; interviene gobierno brit\u00e1nico"},"content":{"rendered":"\n<p>Ismael Garc\u00eda M.\/Zona Roja.<\/p>\n\n\n\n<p>Oaxaca de Ju\u00e1rez, Oax., 11 de abril de 2021.- A 17 d\u00edas de la desaparici\u00f3n y ante los nulos resultados de la Fiscal\u00eda General del Estado, diputados del parlamento de la Gran Breta\u00f1a intervinieron para pedir la localizaci\u00f3n de Claudia Uruchurtu Cruz, ciudadana de nacionalidad mexicana y brit\u00e1nica desaparecida en Asunci\u00f3n Nochixtl\u00e1n el 26 de marzo de este a\u00f1o.<\/p>\n\n\n\n<p>En una petici\u00f3n firmada por las diputadas y diputados del Parlamento Brit\u00e1nico; Olivia Blake, Paul Blomflield MP, Clive Betts, Gill Furniss MP, Louise Haigh y Miriam Cates, solicitan al primer ministro del Reino Unido Hon Dominic Raab cualquier ayuda que pueda brindar para la localizaci\u00f3n de Claudia Uruchurtu Cruz.<\/p>\n\n\n\n<p>En el documento, expresan \u201cpreocupaci\u00f3n compartida por la seguridad de la Sra. Claudia Uruchurtu, quien desapareci\u00f3 el 26 de marzo de 2021 en la localidad de Nochixtl\u00e1n, Oaxaca, M\u00e9xico. Claudia es hermana de la Sra. Sara Uruchurtu, habitante de Salford y Eccles, y de la Sra. Elizabeth Uruchurtu, de la ciudad de Sheffield Hallam, quienes tienen doble nacionalidad brit\u00e1nico-mexicana y han vivido, trabajado y establecido sus propias familias en Inglaterra. Agradecer\u00edamos cualquier ayuda que pueda brindar para apoyar a la familia Uruchurtu en su b\u00fasqueda de Claudia\u201d.<\/p>\n\n\n\n<p>Explican que, \u201cexisten graves preocupaciones e implicaciones sobre la desaparici\u00f3n y seguridad de Claudia\u201d, quien \u201cfue vista asistiendo a un mitin frente al ayuntamiento, donde la gente del pueblo se reuni\u00f3 para protestar por el presunto abuso f\u00edsico de un vecino local por parte de elementos de seguridad vinculados al presidente municipal\u201d.<\/p>\n\n\n\n<p>Expresan que, \u201ctambi\u00e9n hay denuncias de abuso f\u00edsico e intimidaci\u00f3n de los manifestantes en el evento. Claudia abandon\u00f3 el mitin, pero nunca lleg\u00f3 a casa, y hay testimonios angustiosos de que la vieron empujarla a un autom\u00f3vil rojo\u201d.<\/p>\n\n\n\n<p>\u201cAdem\u00e1s, en los \u00faltimos a\u00f1os, Claudia ha sido muy cr\u00edtica con el gobierno municipal, tanto de manera informal como con denuncias formales dirigidas a las autoridades estatales y federales\u201d<\/p>\n\n\n\n<p>\u201cLa familia Uruchurtu agradecer\u00eda cualquier apoyo que usted pueda brindarle personalmente para ayudar a establecer lo que le sucedi\u00f3 a su hermana y ser querido\u201d.<\/p>\n\n\n\n<p>A esta petici\u00f3n de las y los diputados brit\u00e1nicos se suma el requerimiento de acci\u00f3n urgente que el Comit\u00e9 contra la Desaparici\u00f3n Forzada, de la Organizaci\u00f3n Naciones Unidas (O.N.U.) emite para que el Estado Mexicano establezca los mecanismos para la localizaci\u00f3n de Claudia Uruchurtu Cruz.<\/p>\n","protected":false},"excerpt":{"rendered":"<p>Ismael Garc\u00eda M.\/Zona Roja. Oaxaca de Ju\u00e1rez, Oax., 11 de abril de 2021.- A 17&hellip;<\/p>\n","protected":false},"author":2,"featured_media":25842,"comment_status":"closed","ping_status":"open","sticky":false,"template":"","format":"standard","meta":{"_lmt_disableupdate":"","_lmt_disable":"","_jetpack_memberships_contains_paid_content":false,"footnotes":""},"categories":[109,47],"tags":[2582],"class_list":["post-25841","post","type-post","status-publish","format-standard","has-post-thumbnail","hentry","category-minuto-a-minuto","category-zona-gris","tag-claudia-uruchurtu-cruz"],"jetpack_featured_media_url":"https:\/\/zonaroja.com.mx\/wp-content\/uploads\/2021\/04\/Parlamento-Britanico-caso-Claudia-Uruchurtu.jpg","jetpack_sharing_enabled":true,"_links":{"self":[{"href":"https:\/\/zonaroja.com.mx\/index.php?rest_route=\/wp\/v2\/posts\/25841","targetHints":{"allow":["GET"]}}],"collection":[{"href":"https:\/\/zonaroja.com.mx\/index.php?rest_route=\/wp\/v2\/posts"}],"about":[{"href":"https:\/\/zonaroja.com.mx\/index.php?rest_route=\/wp\/v2\/types\/post"}],"author":[{"embeddable":true,"href":"https:\/\/zonaroja.com.mx\/index.php?rest_route=\/wp\/v2\/users\/2"}],"replies":[{"embeddable":true,"href":"https:\/\/zonaroja.com.mx\/index.php?rest_route=%2Fwp%2Fv2%2Fcomments&post=25841"}],"version-history":[{"count":1,"href":"https:\/\/zonaroja.com.mx\/index.php?rest_route=\/wp\/v2\/posts\/25841\/revisions"}],"predecessor-version":[{"id":25843,"href":"https:\/\/zonaroja.com.mx\/index.php?rest_route=\/wp\/v2\/posts\/25841\/revisions\/25843"}],"wp:featuredmedia":[{"embeddable":true,"href":"https:\/\/zonaroja.com.mx\/index.php?rest_route=\/wp\/v2\/media\/25842"}],"wp:attachment":[{"href":"https:\/\/zonaroja.com.mx\/index.php?rest_route=%2Fwp%2Fv2%2Fmedia&parent=25841"}],"wp:term":[{"taxonomy":"category","embeddable":true,"href":"https:\/\/zonaroja.com.mx\/index.php?rest_route=%2Fwp%2Fv2%2Fcategories&post=25841"},{"taxonomy":"post_tag","embeddable":true,"href":"https:\/\/zonaroja.com.mx\/index.php?rest_route=%2Fwp%2Fv2%2Ftags&post=25841"}],"curies":[{"name":"wp","href":"https:\/\/api.w.org\/{rel}","templated":true}]}}