{"id":25846,"date":"2021-04-11T15:07:15","date_gmt":"2021-04-11T20:07:15","guid":{"rendered":"http:\/\/www.zonaroja.com.mx\/?p=25846"},"modified":"2021-04-11T17:11:44","modified_gmt":"2021-04-11T22:11:44","slug":"la-vida-de-mi-familia-y-la-mia-estan-expuestas-maria-elena-rios","status":"publish","type":"post","link":"https:\/\/zonaroja.com.mx\/?p=25846","title":{"rendered":"La vida de mi familia y la m\u00eda est\u00e1n expuestas: Mar\u00eda Elena R\u00edos"},"content":{"rendered":"\n<p>Soledad Jarqu\u00edn \u00c9dgar\/SEM M\u00e9xico.<\/p>\n\n\n\n<p>Oaxaca de Ju\u00e1rez, Oax., 11 de abril, 2021.- Quiere despertar un d\u00eda, mirarse al espejo y reconocerse. Que las personas la vean sin curiosidad ni morbo. Sin embargo, el tiempo no ha sanado sus heridas, las huellas del \u00e1cido sulf\u00farico que quemaron su rostro y cuerpo siguen record\u00e1ndole el 9 de septiembre de 2019, el d\u00eda que su vida qued\u00f3 marcada para siempre.<\/p>\n\n\n\n<p>Junto a un milenario ahuehuete, a un costado de la casa que ocup\u00f3 L\u00e1zaro C\u00e1rdenas cuando en los sesenta vivi\u00f3 en Santo Domingo Tonal\u00e1, Huajuapan, donde ella naci\u00f3 hace 28 a\u00f1os, se\u00f1ala que no es ingenua, que vive el d\u00eda a d\u00eda de un proceso que duele f\u00edsicamente, que la mantiene cubierta del rostro, con mangas largas y pantalones para enfrentar el d\u00eda que le pega cada ma\u00f1ana cuando despierta pensando que la pesadilla ha terminado y sabe no fue un mal sue\u00f1o.<\/p>\n\n\n\n<p>Ah\u00ed, en el sabino y entre las notas que producen los nacimientos de agua, Mar\u00eda Elena R\u00edos Ortiz se encuentra cada tanto para aliviar el dolor que tiene pegada a la memoria, ah\u00ed mira las cicatrices que el tiempo ha tatuado en la corteza del \u00e1rbol, son costras le\u00f1osas y de forma an\u00e1loga se mira a s\u00ed misma. Ah\u00ed, le cuenta su dolor y su esperanza, ese d\u00eda que llegar\u00e1 en alg\u00fan momento y que hoy no logra ver.<\/p>\n\n\n\n<p>Desde entonces han pasado 19 meses y con ese tiempo transcurrido se esfumaron sus anhelos, lo que esperaba hacer ese verano: recuperar a Mar\u00eda Elena y su alegr\u00eda, la joven que atrapada en la violencia mis\u00f3gina se hab\u00eda olvidado de las cosas que la hac\u00edan llorar de felicidad. Quer\u00eda volver a su vida anterior, cuando le gustaba estudiar y tocar su saxof\u00f3n, acudir con sus amistades y trabajar.<\/p>\n\n\n\n<p>Hoy le cuesta mirarse al espejo y descubrirse ante \u00e9l y ante la gente. Quisiera irse a estudiar a otro pa\u00eds, tocar la m\u00fasica que aprendi\u00f3, sigue so\u00f1ando con dirigir una banda, dar conciertos en teatros y auditorios, luego de forma abrupta detiene sus palabras y sus sue\u00f1os, \u201cahora no se puede, tienes que descubrirte para dirigir una banda, para envolver la boquilla de tu saxof\u00f3n, para transmitir tus emociones, porque tu rostro y tu sonrisa lo dicen todo, me da miedo la gente que me critica, que digan cosas que no son ciertas, por ahora tengo que vivir al d\u00eda\u201d.<\/p>\n\n\n\n<p>&#8211;No hay palabras para describir el dolor.<\/p>\n\n\n\n<p>&#8211;Siempre me hago esa pregunta, pero no encuentro las palabras correctas para describir ese momento, el dolor era tanto que sent\u00eda c\u00f3mo mi coraz\u00f3n se apretaba &#8211;explica cerrando el pu\u00f1o de su mano derecha.<\/p>\n\n\n\n<p>\u201cEstaba en shock por el dolor f\u00edsico que sent\u00eda, mirando c\u00f3mo se me abr\u00eda la piel y se ca\u00eda en pedazos, como cuando tienes un cuchillo filoso y abres un mango maduro y jugoso y se empieza a escurrir, as\u00ed es como me ve\u00eda el cuerpo\u201d.<\/p>\n\n\n\n<p>La descripci\u00f3n es estremecedora. Mar\u00eda Elena R\u00edos no olvida ese momento y se quiebra por un instante sin detenerse para seguir narrando que se sinti\u00f3 en una pesadilla donde grita, pero nadie la escucha, nadie entiende lo que acaba de suceder y peor a\u00fan nadie sabe qu\u00e9 hacer frente a lo que est\u00e1n viendo.<\/p>\n\n\n\n<p>&#8211;Mi mam\u00e1 me abraza, quer\u00eda protegerme, eso me duele porque por abrazarme ella tambi\u00e9n se quem\u00f3 con el \u00e1cido, por eso no puedo describir el dolor, no encuentro la palabra adecuada.<\/p>\n\n\n\n<p>Piensa que fue un milagro no perder su ojo izquierdo, \u201cme ard\u00eda por dentro y por fuera, como el p\u00e1rpado y la cara, como el brazo, el tronco, las piernas\u2026 todo lo que hoy sigue y seguir\u00e1 mal\u201d.<\/p>\n\n\n\n<p>Malena R\u00edos Ortiz, la saxofonista, enfrent\u00f3 con el paso de las horas y los d\u00edas, hasta hoy, muchos m\u00e1s sufrimientos. Los de la piel que, ante la falta de una atenci\u00f3n adecuada, la negligencia m\u00e9dica, que en el hospital de Oaxaca sufri\u00f3 durante tres meses.<\/p>\n\n\n\n<p>Sufri\u00f3 la insensibilidad de \u201clos polic\u00edas investigadores\u201d de la Fiscal\u00eda General de Oaxaca, que a poco menos de cinco horas de la agresi\u00f3n &#8211;que pas\u00f3 de \u201cdelito de heridas que sanan en 15 d\u00edas\u201d, a feminicidio en grado de tentativa&#8211; se presentaron en las instalaciones de una cl\u00ednica particular, donde inicialmente fue internada, para hacerle preguntas.<\/p>\n\n\n\n<p>Una cualidad que desarroll\u00f3 desde ni\u00f1a fue la observaci\u00f3n, as\u00ed que, entre gritos de dolor, pudo describir a su agresor, fue entonces cuando los polic\u00edas le cuestionaron c\u00f3mo sab\u00eda tanto, c\u00f3mo pod\u00eda ser tan espec\u00edfica.<\/p>\n\n\n\n<p>Meses despu\u00e9s supo que no estaba equivocada, casi exacta la estatura y edad de su agresor: Ruvicel L. Ch. Tambi\u00e9n le preguntaron \u00bfc\u00f3mo sab\u00eda que echarse agua te iba aliviar? Ella respondi\u00f3 que fue un acto de sobrevivencia.<\/p>\n\n\n\n<p>LOS IMPLICADOS<\/p>\n\n\n\n<p>Ruvicel L. hab\u00eda llamado d\u00edas antes a Mar\u00eda Elena R\u00edos para pedirle una cita, ella ten\u00eda una oficina donde ayudaba a las personas a tramitar pasaportes, quedaron que ser\u00eda el lunes 9 a las 10 de la ma\u00f1ana.<\/p>\n\n\n\n<p>El hombre lleg\u00f3 con recipiente, ella pens\u00f3 que llevaba comida, como lo hace mucha gente en Huajuapan. Lo vio como un hombre humilde, ten\u00eda pena de hablar, asumi\u00f3 que lo deb\u00eda tratar bien y explicarle detenidamente qu\u00e9 deb\u00eda hacer para obtener el pasaporte para su mam\u00e1. \u201cNo sab\u00eda que estaba nervioso por lo que iba hacer\u201d.<\/p>\n\n\n\n<p>El autor intelectual del ataque con \u00e1cido (Juan Antonio V. H.), \u00bfDesde cu\u00e1ndo estaba planeando la agresi\u00f3n? Pens\u00f3 Mar\u00eda Elena que desde el primer momento, dice en referencia a Juan Antonio V.C. quien se entreg\u00f3 el 6 de abril de 2020 y es uno de los autores intelectuales.<\/p>\n\n\n\n<p>Tras la detenci\u00f3n de Ponciano H. padre de Ruvicel, capturado el 26 de diciembre de 2019, y de Rub\u00e9n L. alias \u201cEl Charrez\u201d, detenido el 1 de abril de 2020, quien pag\u00f3 30 mil pesos a los autores materiales. Hoy sigue pr\u00f3fugo otro autor intelectual, se trata de Juan Antonio V. H.<\/p>\n\n\n\n<p>A Juan Antonio V. H. Malena lo vio recientemente en Huajuapan de Le\u00f3n, de inmediato llam\u00f3 al ex fiscal Rub\u00e9n Vasconcelos M\u00e9ndez, el ahora ex funcionario le respondi\u00f3 molesto y no actu\u00f3. Juan Antonio V.H. tiene orden de aprehensi\u00f3n y una ficha roja de la Interpol. \u201cSe enoj\u00f3 porque fui yo quien lo vio y eso evidenci\u00f3 su incapacidad\u201d.<\/p>\n\n\n\n<p>MACHISMO Y MISOGINIA<\/p>\n\n\n\n<p>Cuatro meses antes de la agresi\u00f3n con \u00e1cido, Mar\u00eda Elena R\u00edos hab\u00eda terminado con Juan Antonio V. C., ex diputado local del PRI y un \u201cpr\u00f3spero\u201d empresario gasolinero.<\/p>\n\n\n\n<p>Durante mucho tiempo estuvo atrapada en una relaci\u00f3n que al paso del tiempo descubri\u00f3 le hab\u00eda quitado la alegr\u00eda por la vida. Las primeras reacciones fueron acoso y amenazas sobre el da\u00f1o que podr\u00eda ocasionarle a su familia, por lo que opt\u00f3 por bloquearlo de sus redes sociales y no contestar llamadas.<\/p>\n\n\n\n<p>Si lo dejaba, infinidad de amenazas le advert\u00eda el priista. \u201cYo pensaba que no pod\u00eda ser tan malo, que nada m\u00e1s me amenazaba, pero s\u00ed lo fue, lo hizo\u201d.<\/p>\n\n\n\n<p>A pesar de las advertencias, Mar\u00eda Elena rompi\u00f3 el c\u00edrculo de la violencia, sali\u00f3 de la relaci\u00f3n y ten\u00eda planeado tomar cursos de verano, actualizarse en su m\u00fasica, seguir estudiando.<\/p>\n\n\n\n<p>Reconstruirse, \u201cmuchas pueden, yo tambi\u00e9n pod\u00eda hacerlo, sentirme viva, hacer las cosas que me sacaban l\u00e1grimas de felicidad, quer\u00eda encontrarme con esa Mar\u00eda Elena que era antes de la relaci\u00f3n, pero le molest\u00f3 que fuera feliz, porque una persona que acumula poder econ\u00f3mico se siente due\u00f1o de todo y todos, no le gusta perder nada&nbsp; mucho menos sentirse aminorado y cuando pierden algo, no les gusta.<\/p>\n\n\n\n<p>\u201cPero yo perd\u00ed m\u00e1s que \u00e9l y aunque est\u00e1 en la c\u00e1rcel, est\u00e1 entero, yo no\u201d, dice Mar\u00eda Elena que abraza su cuerpo mientras est\u00e1 sentada sobre el toc\u00f3n de un \u00e1rbol de poco m\u00e1s de un metro de ancho, bajo la sombra de su ahuehuete, el confidente de su dolor, como ella dice.<\/p>\n\n\n\n<p>S\u00ed, el miedo le sigue rondando. Hay fundamentos para sentir temor frente a un proceso judicial largo, lleno de obst\u00e1culos, complicidades al igual que intimidaciones.<\/p>\n\n\n\n<p>Recientemente, supo por los medios de comunicaci\u00f3n y no por la Fiscal\u00eda, de la muerte repentina de Ponciano H. este hombre mayor que vigil\u00f3 y esper\u00f3 a su hijo (Ruvicel, el autor material) para emprender la huida en motocicleta.<\/p>\n\n\n\n<p>\u201c\u00bfA qui\u00e9n le beneficia su muerte?\u201d, pregunta. Su muerte no es clara, dice. Por eso tiene miedo, se siente desprotegida ella y toda su familia\u201d, nos cuanta de una manera alarmante.<\/p>\n\n\n\n<p>CERRAR LOS OJOS<\/p>\n\n\n\n<p>Tres meses despu\u00e9s, a finales de diciembre de 2019, y tras los yerros de personal m\u00e9dico del Hospital \u201cDr. Aurelio Valdivieso\u201d, donde le practicaron cirug\u00edas sin \u00e9xito, Mar\u00eda Elena fue trasladada a Centro Nacional de Investigaci\u00f3n y Atenci\u00f3n a Quemados del Instituto Nacional de Rehabilitaci\u00f3n en la Ciudad de M\u00e9xico, ah\u00ed naci\u00f3 una esperanza.<\/p>\n\n\n\n<p>&#8211;Estoy completa gracias a mi hermana Silvia, despu\u00e9s de las dos operaciones que no sirvieron y de que un m\u00e9dico dijera: \u201cvamos a dejarlo todo en manos de Dios y de la naturaleza, ya no hay nada que hacer\u201d, su familia habl\u00f3 en los medios y quienes la ten\u00edan que escuchar, la escucharon.<\/p>\n\n\n\n<p>Fue as\u00ed que autoridades de Oaxaca facilitaron su traslado v\u00eda a\u00e9rea al reconocido hospital de la Ciudad de M\u00e9xico, lo que debieron hacer desde el primer d\u00eda, refiere Mar\u00eda Elena, quien no olvida aquellos d\u00edas tan amargos para ella y su familia en el hospital p\u00fablico donde los injertos de piel fracasaron.<\/p>\n\n\n\n<p>En el Centro Nacional de Investigaci\u00f3n y Atenci\u00f3n a Quemados del Instituto Nacional de Rehabilitaci\u00f3n la primera cirug\u00eda fue hecha por una m\u00e9dica oaxaque\u00f1a y fue un \u00e9xito.<\/p>\n\n\n\n<p>Cuando la doctora le hizo la primera revisi\u00f3n, a las siete de la ma\u00f1ana, posterior a los injertos, estaba con su pap\u00e1 que se hab\u00eda quedado esa noche con ella. Mar\u00eda Elena cerr\u00f3 los ojos, como lo hac\u00eda en el hospital de Oaxaca, porque no quer\u00eda ver, ten\u00eda miedo. Entonces escuch\u00f3 a la m\u00e9dica: \u201cNo se preocupe se\u00f1or, los injertos s\u00ed pegaron\u201d. As\u00ed empez\u00f3 su recuperaci\u00f3n f\u00edsica a pesar de la negligente actuaci\u00f3n de los especialistas que la atendieron los tres primeros meses.<\/p>\n\n\n\n<p>A esa intervenci\u00f3n han seguido otras y sabe que faltan m\u00e1s, que el camino a\u00fan ser\u00e1 largo, pero est\u00e1 de pie, como el viejo ahuehuete de m\u00faltiples hendiduras en su tronco le\u00f1oso, su confidente al que acude de cuando en cuando para so\u00f1ar despierta, para llorar, para cantar acompa\u00f1ada de la m\u00fasica que produce el agua que nace entre lo sabinos y tocar el saxof\u00f3n al que parece abrazarse a la vida que le han robado y a la que enfrenta cada d\u00eda ante su espejo.<\/p>\n","protected":false},"excerpt":{"rendered":"<p>Soledad Jarqu\u00edn \u00c9dgar\/SEM M\u00e9xico. Oaxaca de Ju\u00e1rez, Oax., 11 de abril, 2021.- Quiere despertar un&hellip;<\/p>\n","protected":false},"author":2,"featured_media":25772,"comment_status":"closed","ping_status":"open","sticky":false,"template":"","format":"standard","meta":{"_lmt_disableupdate":"","_lmt_disable":"","_jetpack_memberships_contains_paid_content":false,"footnotes":""},"categories":[109,46],"tags":[1124,1105],"class_list":["post-25846","post","type-post","status-publish","format-standard","has-post-thumbnail","hentry","category-minuto-a-minuto","category-zona-blanca","tag-maria-elena-rios-ortiz","tag-soledad-jarquin-edgar"],"jetpack_featured_media_url":"https:\/\/zonaroja.com.mx\/wp-content\/uploads\/2021\/04\/Soledad-Jarquin-y-Maria-Elena-Rios.jpg","jetpack_sharing_enabled":true,"_links":{"self":[{"href":"https:\/\/zonaroja.com.mx\/index.php?rest_route=\/wp\/v2\/posts\/25846","targetHints":{"allow":["GET"]}}],"collection":[{"href":"https:\/\/zonaroja.com.mx\/index.php?rest_route=\/wp\/v2\/posts"}],"about":[{"href":"https:\/\/zonaroja.com.mx\/index.php?rest_route=\/wp\/v2\/types\/post"}],"author":[{"embeddable":true,"href":"https:\/\/zonaroja.com.mx\/index.php?rest_route=\/wp\/v2\/users\/2"}],"replies":[{"embeddable":true,"href":"https:\/\/zonaroja.com.mx\/index.php?rest_route=%2Fwp%2Fv2%2Fcomments&post=25846"}],"version-history":[{"count":2,"href":"https:\/\/zonaroja.com.mx\/index.php?rest_route=\/wp\/v2\/posts\/25846\/revisions"}],"predecessor-version":[{"id":25850,"href":"https:\/\/zonaroja.com.mx\/index.php?rest_route=\/wp\/v2\/posts\/25846\/revisions\/25850"}],"wp:featuredmedia":[{"embeddable":true,"href":"https:\/\/zonaroja.com.mx\/index.php?rest_route=\/wp\/v2\/media\/25772"}],"wp:attachment":[{"href":"https:\/\/zonaroja.com.mx\/index.php?rest_route=%2Fwp%2Fv2%2Fmedia&parent=25846"}],"wp:term":[{"taxonomy":"category","embeddable":true,"href":"https:\/\/zonaroja.com.mx\/index.php?rest_route=%2Fwp%2Fv2%2Fcategories&post=25846"},{"taxonomy":"post_tag","embeddable":true,"href":"https:\/\/zonaroja.com.mx\/index.php?rest_route=%2Fwp%2Fv2%2Ftags&post=25846"}],"curies":[{"name":"wp","href":"https:\/\/api.w.org\/{rel}","templated":true}]}}