{"id":25854,"date":"2021-04-12T11:55:28","date_gmt":"2021-04-12T16:55:28","guid":{"rendered":"http:\/\/www.zonaroja.com.mx\/?p=25854"},"modified":"2021-04-11T18:12:26","modified_gmt":"2021-04-11T23:12:26","slug":"acceso-al-aborto-legal-y-seguro-deuda-del-estado-con-las-mujeres","status":"publish","type":"post","link":"https:\/\/zonaroja.com.mx\/?p=25854","title":{"rendered":"Acceso al aborto legal y seguro, deuda del Estado con las mujeres"},"content":{"rendered":"\n<p>Redacci\u00f3n\/Zona Roja.<\/p>\n\n\n\n<p>Oaxaca de Ju\u00e1rez, Oax., 12 de abril de 2021.- La despenalizaci\u00f3n del aborto, el reconocimiento del derecho de las mujeres a decidir sobre sus cuerpos y la garant\u00eda de sus derechos sexuales y reproductivos, forman parte de una enorme deuda que tiene el Estado mexicano con las mujeres, dijo la activista y feminista Yamille G\u00f3mez Hern\u00e1ndez.&nbsp;<\/p>\n\n\n\n<p>Lo anterior, como parte de su participaci\u00f3n en el tercer episodio del podcast \u201cOla Violeta\u201d, en donde junto con la periodista Evlin Arag\u00f3n abordaron la tem\u00e1tica en torno a los derechos sexuales y reproductivos y el acceso al aborto legal y seguro en Oaxaca.&nbsp;<\/p>\n\n\n\n<p>La activista refiri\u00f3 que, en Oaxaca el sector Salud est\u00e1 obligado a brindar servicios oportunos relacionados con la planificaci\u00f3n familiar y la salud sexual, en beneficio de toda la poblaci\u00f3n, poniendo puntual atenci\u00f3n en la juventud.<\/p>\n\n\n\n<p>Adem\u00e1s, tiene como funci\u00f3n ineludible garantizar el acceso al aborto seguro hasta antes de las doce semanas de gestaci\u00f3n, derecho con el que hoy en d\u00eda cuentan las mujeres oaxaque\u00f1as, tras la despenalizaci\u00f3n aprobada en septiembre del 2019 en el Congreso local.<\/p>\n\n\n\n<p>Para la especialista, el acceso al aborto sigue siendo una de las principales deudas del Estado y los gobiernos con la salud de las mujeres, tanto as\u00ed que solo dos de 32 entidades han legislado a favor de su despenalizaci\u00f3n, reconociendo que la pr\u00e1ctica es recurrente en la clandestinidad y cobra la vida de cientos de mujeres.<\/p>\n\n\n\n<p>De ah\u00ed que pidi\u00f3 a la poblaci\u00f3n reflexionar en torno al tema y verlo como un asunto de salud y no religioso, puntualizando en que la Iglesia nada tiene que ver en las decisiones que las mujeres tomen sobre sus cuerpos y sus vidas.<\/p>\n\n\n\n<p>\u201cLas mujeres tenemos el derecho a decidir sobre nuestros cuerpos. Ni el Estado ni la Iglesia deber\u00edan impedirlo\u201d, manifest\u00f3.<\/p>\n\n\n\n<p>G\u00f3mez Hern\u00e1ndez indic\u00f3 que, con todo y que actualmente existe un mayor acceso a la informaci\u00f3n, hay datos err\u00f3neos que se difunden como verdades y muchos prejuicios en torno a la sexualidad, particularmente de las mujeres, a quienes se les se\u00f1alan, cuestionan y proh\u00edben ciertas conductas.&nbsp;&nbsp;<\/p>\n\n\n\n<p>\u201cHay muchos prejuicios que ocultan violaciones y justifican agresiones sexuales, adem\u00e1s obligan a las mujeres y ni\u00f1as a ser madres, lo cual se traduce en mayores \u00edndices de pobreza, violencia, rezago educativo y mortandad\u201d, dijo.&nbsp;&nbsp;<\/p>\n\n\n\n<p>Los mismos prejuicios, asegur\u00f3 la activista, han contribuido a que M\u00e9xico se encuentre dentro de los pa\u00edses con mayor \u00edndice de embarazo adolescente, siendo Oaxaca uno de los estados que encabeza la lista de casos, particularmente en la capital, de acuerdo con la Direcci\u00f3n General de Poblaci\u00f3n (DIGEPO).<\/p>\n\n\n\n<p>Lo anterior dijo es preocupante ya que la mayor\u00eda de las veces tiene que ver con temas ocultos de violencia sexual, carencia de informaci\u00f3n y falta de acceso a servicios de consejer\u00eda, acompa\u00f1amiento, m\u00e9todos anticonceptivos, particularmente desde las instituciones de salud p\u00fablica.&nbsp;<\/p>\n\n\n\n<p>\u201cOla Violeta\u201d es un podcast feminista conducido por la periodista Evlin Arag\u00f3n que, en su primera temporada, aborda los principales temas de la agenda feminista en Oaxaca y que se encuentra disponible en Spotify, Deezer, Apple Podcast, Amazon Music y Google Podcast.&nbsp;&nbsp;<\/p>\n","protected":false},"excerpt":{"rendered":"<p>Redacci\u00f3n\/Zona Roja. Oaxaca de Ju\u00e1rez, Oax., 12 de abril de 2021.- La despenalizaci\u00f3n del aborto,&hellip;<\/p>\n","protected":false},"author":2,"featured_media":25855,"comment_status":"closed","ping_status":"open","sticky":false,"template":"","format":"standard","meta":{"_lmt_disableupdate":"","_lmt_disable":"","_jetpack_memberships_contains_paid_content":false,"footnotes":""},"categories":[109,46],"tags":[2548,2514],"class_list":["post-25854","post","type-post","status-publish","format-standard","has-post-thumbnail","hentry","category-minuto-a-minuto","category-zona-blanca","tag-ola-violeta","tag-evlin-aragon"],"jetpack_featured_media_url":"https:\/\/zonaroja.com.mx\/wp-content\/uploads\/2021\/04\/Ola-violeta-Yamile-Gomez.jpg","jetpack_sharing_enabled":true,"_links":{"self":[{"href":"https:\/\/zonaroja.com.mx\/index.php?rest_route=\/wp\/v2\/posts\/25854","targetHints":{"allow":["GET"]}}],"collection":[{"href":"https:\/\/zonaroja.com.mx\/index.php?rest_route=\/wp\/v2\/posts"}],"about":[{"href":"https:\/\/zonaroja.com.mx\/index.php?rest_route=\/wp\/v2\/types\/post"}],"author":[{"embeddable":true,"href":"https:\/\/zonaroja.com.mx\/index.php?rest_route=\/wp\/v2\/users\/2"}],"replies":[{"embeddable":true,"href":"https:\/\/zonaroja.com.mx\/index.php?rest_route=%2Fwp%2Fv2%2Fcomments&post=25854"}],"version-history":[{"count":1,"href":"https:\/\/zonaroja.com.mx\/index.php?rest_route=\/wp\/v2\/posts\/25854\/revisions"}],"predecessor-version":[{"id":25856,"href":"https:\/\/zonaroja.com.mx\/index.php?rest_route=\/wp\/v2\/posts\/25854\/revisions\/25856"}],"wp:featuredmedia":[{"embeddable":true,"href":"https:\/\/zonaroja.com.mx\/index.php?rest_route=\/wp\/v2\/media\/25855"}],"wp:attachment":[{"href":"https:\/\/zonaroja.com.mx\/index.php?rest_route=%2Fwp%2Fv2%2Fmedia&parent=25854"}],"wp:term":[{"taxonomy":"category","embeddable":true,"href":"https:\/\/zonaroja.com.mx\/index.php?rest_route=%2Fwp%2Fv2%2Fcategories&post=25854"},{"taxonomy":"post_tag","embeddable":true,"href":"https:\/\/zonaroja.com.mx\/index.php?rest_route=%2Fwp%2Fv2%2Ftags&post=25854"}],"curies":[{"name":"wp","href":"https:\/\/api.w.org\/{rel}","templated":true}]}}