{"id":25857,"date":"2021-04-11T20:48:18","date_gmt":"2021-04-12T01:48:18","guid":{"rendered":"http:\/\/www.zonaroja.com.mx\/?p=25857"},"modified":"2021-04-11T20:48:23","modified_gmt":"2021-04-12T01:48:23","slug":"por-ivonne-isabel-claudia-vigilia-por-las-que-no-estan","status":"publish","type":"post","link":"https:\/\/zonaroja.com.mx\/?p=25857","title":{"rendered":"Por Ivonne, Isabel, Claudia\u2026 \u201cVigilia por las que no est\u00e1n\u201d"},"content":{"rendered":"\n<p>Ismael Garc\u00eda M.\/Zona Roja.<\/p>\n\n\n\n<p>Oaxaca de Ju\u00e1rez, Oax., 11 de abril de 2021.- \u201cNo estamos completas, nos faltan amigas, nos faltan hijas, mam\u00e1s, mujeres, cuyo \u00fanico pecado era so\u00f1ar con ser presidentas municipales, so\u00f1ar con participar en la vida p\u00fablica, de este estado, de este pa\u00eds\u201d.<\/p>\n\n\n\n<p>La voz de una y la voz de todas retumb\u00f3 esta tarde-noche en la explanada del templo de Santo Domingo de Guzm\u00e1n, en la ciudad de Oaxaca, en el acto \u201cVigilia por las que nos faltan\u201d, para exigir justicia por los feminicidios y aparici\u00f3n con vida de mujeres.<\/p>\n\n\n\n<p>El caso m\u00e1s relevante en las \u00faltimas semanas es el de Ivonne Gallegos, quien buscaba la presidencia municipal de Ocotl\u00e1n de Morelos y fue ultimada a balazos el pasado 20 de marzo, y hasta el momento no hay justicia.<\/p>\n\n\n\n<p>Asimismo, se record\u00f3 y exigi\u00f3 aparici\u00f3n con vida de Claudia Uruchurtu Cruz, desaparecida desde el 26 de marzo en Asunci\u00f3n Nochixtl\u00e1n, y de quien se desconoce su paradero a la fecha.<\/p>\n\n\n\n<p>\u201cNos faltan y por esas voces, por ellas, estamos aqu\u00ed, para que all\u00e1 afuera a la Fiscal\u00eda (General del Estado) no se le olvide; nos faltan, no estamos completas, nos falta un pedazo de nuestra alma\u201d, enfatiz\u00f3 Eufrosina Cruz Mendoza, activista y ex secretaria de Pueblos Ind\u00edgenas y Afromexicanos.<\/p>\n\n\n\n<figure class=\"wp-block-embed-twitter wp-block-embed is-type-rich is-provider-twitter\"><div class=\"wp-block-embed__wrapper\">\n<div class=\"twitter-tweet\"><blockquote class=\"twitter-tweet\" data-lang=\"es\"><p lang=\"es\" dir=\"ltr\"><a href=\"https:\/\/twitter.com\/hashtag\/%C3%9AltimoMinuto?src=hash&amp;ref_src=twsrc%5Etfw\">#\u00daltimoMinuto<\/a> <br>\u201cVigilia por las que nos faltan\u201d, es el nombre de la actividad que madres y padres de familia realizan esta tarde en la explanada del templo de Santo Domingo de Guzm\u00e1n de la capital, para exigir la localizaci\u00f3n de personas desaparecidas en <a href=\"https:\/\/twitter.com\/hashtag\/Oaxaca?src=hash&amp;ref_src=twsrc%5Etfw\">#Oaxaca<\/a>. <a href=\"https:\/\/t.co\/zqGZmy4qYH\">pic.twitter.com\/zqGZmy4qYH<\/a><\/p>&mdash; Zona Roja Oaxaca (@Zona_Roja_Oax) <a href=\"https:\/\/twitter.com\/Zona_Roja_Oax\/status\/1381402218843279363?ref_src=twsrc%5Etfw\">12 de abril de 2021<\/a><\/blockquote><\/div>\n<\/div><\/figure>\n\n\n\n<p>\u201cSolamente queremos ejercer nuestra libertad, que nos ha costado un siglo; tenemos esa gran responsabilidad de dar voces a las que no est\u00e1n presentes para seguir exigiendo justicia<\/p>\n\n\n\n<p>\u201cPorque mientras la justicia no llegue, es una deuda que se le debe a un ni\u00f1o o ni\u00f1a que hoy qued\u00f3 sin mam\u00e1, vamos a seguir hasta donde tope, se necesita aplicar a la justicia.<\/p>\n\n\n\n<p>\u201cPorque cuando mata, roban, violan a una mujer no est\u00e1n robado un pedazo de nuestra alma y coraz\u00f3n; as\u00ed no, as\u00ed no queremos las mujeres; queremos participar en la vida p\u00fablica del pa\u00eds y del estado siendo libres, diciendo c\u00f3mo queremos participar, eso no es un delito\u201d, reforz\u00f3 Cruz Mendoza, ex legisladora estatal y federal.<\/p>\n\n\n\n<p>Al encuentro acudi\u00f3 cerca de un centenar de mujeres y familiares de personas asesinadas y desaparecidas, cuya \u00fanica exigencia fue justicia y castigo alos responsables.<\/p>\n","protected":false},"excerpt":{"rendered":"<p>Ismael Garc\u00eda M.\/Zona Roja. Oaxaca de Ju\u00e1rez, Oax., 11 de abril de 2021.- \u201cNo estamos&hellip;<\/p>\n","protected":false},"author":2,"featured_media":25858,"comment_status":"closed","ping_status":"open","sticky":false,"template":"","format":"standard","meta":{"_lmt_disableupdate":"","_lmt_disable":"","_jetpack_memberships_contains_paid_content":false,"footnotes":""},"categories":[109,47],"tags":[610],"class_list":["post-25857","post","type-post","status-publish","format-standard","has-post-thumbnail","hentry","category-minuto-a-minuto","category-zona-gris","tag-feminicidios-oaxaca"],"jetpack_featured_media_url":"https:\/\/zonaroja.com.mx\/wp-content\/uploads\/2021\/04\/Vigilia-por-las-que-nos-faltan.jpg","jetpack_sharing_enabled":true,"_links":{"self":[{"href":"https:\/\/zonaroja.com.mx\/index.php?rest_route=\/wp\/v2\/posts\/25857","targetHints":{"allow":["GET"]}}],"collection":[{"href":"https:\/\/zonaroja.com.mx\/index.php?rest_route=\/wp\/v2\/posts"}],"about":[{"href":"https:\/\/zonaroja.com.mx\/index.php?rest_route=\/wp\/v2\/types\/post"}],"author":[{"embeddable":true,"href":"https:\/\/zonaroja.com.mx\/index.php?rest_route=\/wp\/v2\/users\/2"}],"replies":[{"embeddable":true,"href":"https:\/\/zonaroja.com.mx\/index.php?rest_route=%2Fwp%2Fv2%2Fcomments&post=25857"}],"version-history":[{"count":1,"href":"https:\/\/zonaroja.com.mx\/index.php?rest_route=\/wp\/v2\/posts\/25857\/revisions"}],"predecessor-version":[{"id":25859,"href":"https:\/\/zonaroja.com.mx\/index.php?rest_route=\/wp\/v2\/posts\/25857\/revisions\/25859"}],"wp:featuredmedia":[{"embeddable":true,"href":"https:\/\/zonaroja.com.mx\/index.php?rest_route=\/wp\/v2\/media\/25858"}],"wp:attachment":[{"href":"https:\/\/zonaroja.com.mx\/index.php?rest_route=%2Fwp%2Fv2%2Fmedia&parent=25857"}],"wp:term":[{"taxonomy":"category","embeddable":true,"href":"https:\/\/zonaroja.com.mx\/index.php?rest_route=%2Fwp%2Fv2%2Fcategories&post=25857"},{"taxonomy":"post_tag","embeddable":true,"href":"https:\/\/zonaroja.com.mx\/index.php?rest_route=%2Fwp%2Fv2%2Ftags&post=25857"}],"curies":[{"name":"wp","href":"https:\/\/api.w.org\/{rel}","templated":true}]}}