{"id":2586,"date":"2019-07-28T09:27:35","date_gmt":"2019-07-28T14:27:35","guid":{"rendered":"http:\/\/www.zonaroja.com.mx\/?p=2586"},"modified":"2019-07-28T09:27:37","modified_gmt":"2019-07-28T14:27:37","slug":"masacre-en-oaxaca-asesinan-a-balazos-a-siete-en-istmo-a-uno-sierra-sur","status":"publish","type":"post","link":"https:\/\/zonaroja.com.mx\/?p=2586","title":{"rendered":"Masacre en Oaxaca: asesinan a balazos a siete en Istmo a uno Sierra Sur"},"content":{"rendered":"\n<p>Ismael Garc\u00eda M.<\/p>\n\n\n\n<p>Oaxaca de Ju\u00e1rez, Oax., 28 de julio de\n2019.- Ocho personas fueron asesinadas en las primeras horas de este domingo,\nv\u00edspera del segundo Lunes del Cerro de la Guelaguetza, en las regiones Istmo de\nTehuantepec y Sierra Sur de Oaxaca.<\/p>\n\n\n\n<p>Durante la madrugada de hoy en el\nmunicipio istme\u00f1o de Santo Domingo Petapa fueron ejecutadas a balazos siete\npersonas; cinco cuerpos, entre ellos el de una mujer, se hallaron en la avenida\nJu\u00e1rez esquina con Ignacio Zaragoza.<\/p>\n\n\n\n<p>De acuerdo con reportes de corporaciones\nde seguridad p\u00fablica, se encontraban en una camioneta marca Jeep, tipo Grande\nCherokee.<\/p>\n\n\n\n<p>En la avenida Hidalgo a la altura de la\ncapilla \u201cEl Calvario\u201d se encontraba el cuerpo sin vida de un masculino y presuntamente\notro cuerpo se lo llevaron sus familiares.<\/p>\n\n\n\n<p>Seg\u00fan las primeras indagatorias, los agresores\nviajaban en dos camionetas y dos motocicletas y huyeron con rumbo desconocido\ntras cometer el m\u00faltiple homicidio.<\/p>\n\n\n\n<p>Por otra parte, tambi\u00e9n en la madrugada\nde este domingo fue atacado con disparos de arma de fuego un individuo identificado\ncomo Sebasti\u00e1n Vicente Garc\u00eda, en el municipio de Santo Tom\u00e1s Tamazul\u00e1pam,\ndistrito de Miahuatl\u00e1n, regi\u00f3n Sierra Sur.<\/p>\n\n\n\n<p>El individuo pudo trasladarse por sus\npropios medios a la cl\u00ednica del IMSS de Miahuatl\u00e1n de Porfirio D\u00edaz, donde perdi\u00f3\nla vida debido a la gravedad de las lesiones.<\/p>\n","protected":false},"excerpt":{"rendered":"<p>Ismael Garc\u00eda M. Oaxaca de Ju\u00e1rez, Oax., 28 de julio de 2019.- Ocho personas fueron&hellip;<\/p>\n","protected":false},"author":2,"featured_media":2587,"comment_status":"closed","ping_status":"open","sticky":false,"template":"","format":"standard","meta":{"_lmt_disableupdate":"","_lmt_disable":"","_jetpack_memberships_contains_paid_content":false,"footnotes":""},"categories":[109,51],"tags":[],"class_list":["post-2586","post","type-post","status-publish","format-standard","has-post-thumbnail","hentry","category-minuto-a-minuto","category-zona-roja"],"jetpack_featured_media_url":"https:\/\/zonaroja.com.mx\/wp-content\/uploads\/2019\/07\/97fb57d6-0768-44ad-934f-f05eee3ed51a.jpg","jetpack_sharing_enabled":true,"_links":{"self":[{"href":"https:\/\/zonaroja.com.mx\/index.php?rest_route=\/wp\/v2\/posts\/2586","targetHints":{"allow":["GET"]}}],"collection":[{"href":"https:\/\/zonaroja.com.mx\/index.php?rest_route=\/wp\/v2\/posts"}],"about":[{"href":"https:\/\/zonaroja.com.mx\/index.php?rest_route=\/wp\/v2\/types\/post"}],"author":[{"embeddable":true,"href":"https:\/\/zonaroja.com.mx\/index.php?rest_route=\/wp\/v2\/users\/2"}],"replies":[{"embeddable":true,"href":"https:\/\/zonaroja.com.mx\/index.php?rest_route=%2Fwp%2Fv2%2Fcomments&post=2586"}],"version-history":[{"count":1,"href":"https:\/\/zonaroja.com.mx\/index.php?rest_route=\/wp\/v2\/posts\/2586\/revisions"}],"predecessor-version":[{"id":2588,"href":"https:\/\/zonaroja.com.mx\/index.php?rest_route=\/wp\/v2\/posts\/2586\/revisions\/2588"}],"wp:featuredmedia":[{"embeddable":true,"href":"https:\/\/zonaroja.com.mx\/index.php?rest_route=\/wp\/v2\/media\/2587"}],"wp:attachment":[{"href":"https:\/\/zonaroja.com.mx\/index.php?rest_route=%2Fwp%2Fv2%2Fmedia&parent=2586"}],"wp:term":[{"taxonomy":"category","embeddable":true,"href":"https:\/\/zonaroja.com.mx\/index.php?rest_route=%2Fwp%2Fv2%2Fcategories&post=2586"},{"taxonomy":"post_tag","embeddable":true,"href":"https:\/\/zonaroja.com.mx\/index.php?rest_route=%2Fwp%2Fv2%2Ftags&post=2586"}],"curies":[{"name":"wp","href":"https:\/\/api.w.org\/{rel}","templated":true}]}}