{"id":25862,"date":"2021-04-12T07:25:38","date_gmt":"2021-04-12T12:25:38","guid":{"rendered":"http:\/\/www.zonaroja.com.mx\/?p=25862"},"modified":"2021-04-12T07:25:42","modified_gmt":"2021-04-12T12:25:42","slug":"muere-chofer-de-ivonne-gallegos-tres-semanas-despues-de-ataque-armado","status":"publish","type":"post","link":"https:\/\/zonaroja.com.mx\/?p=25862","title":{"rendered":"Muere chofer de Ivonne Gallegos, tres semanas despu\u00e9s de ataque armado"},"content":{"rendered":"\n<p>Ismael Garc\u00eda M.\/Zona Roja.<\/p>\n\n\n\n<p>Oaxaca de Ju\u00e1rez, Oax., 12 de abril de 2021.- Tres semanas despu\u00e9s de agon\u00eda, este domingo falleci\u00f3 Orlando Alejandro R. H., de 45 a\u00f1os de edad, quien conduc\u00eda la camioneta en que fueron atacados con armas de fuego el pasado 20 de marzo y donde perdi\u00f3 la vida Ivonne Gallegos, quien buscaba la presidencia municipal de Ocotl\u00e1n de Morelos.<\/p>\n\n\n\n<p>La agresi\u00f3n ocurri\u00f3 sobre la carretera federal a Ocotl\u00e1n, a la altura del crucero a Santo Tom\u00e1s Jalieza, donde muri\u00f3 al instante la militante del Partido Acci\u00f3n Nacional y por cuyo homicidio no hay ning\u00fan avance en las indagatorias por parte de la Fiscal\u00eda General del Estado de Oaxaca.<\/p>\n\n\n\n<p>Orlando Alejandro, director de Protecci\u00f3n Civil del gobierno de Ocotl\u00e1n, conduc\u00eda la camioneta marca Toyota, color blanca, con placas de circulaci\u00f3n TLS-5474, cuando fueron v\u00edctimas del ataque armado por parte de sujetos que de inmediato se dieron a la fuga, presuntamente a bordo de un veh\u00edculo compacto.<\/p>\n\n\n\n<p>En el caso de Ivonne Gallegos Carre\u00f1o, a tres semanas del crimen, hasta el momento no hay ning\u00fan avance ni informaci\u00f3n por parte de la Fiscal\u00eda que ahora encabeza Arturo Peimbert Calvo, quien tom\u00f3 posesi\u00f3n del cargo el 18 de marzo pasado, dos d\u00edas antes del ataque armado.<\/p>\n","protected":false},"excerpt":{"rendered":"<p>Ismael Garc\u00eda M.\/Zona Roja. Oaxaca de Ju\u00e1rez, Oax., 12 de abril de 2021.- Tres semanas&hellip;<\/p>\n","protected":false},"author":2,"featured_media":24927,"comment_status":"closed","ping_status":"open","sticky":false,"template":"","format":"standard","meta":{"_lmt_disableupdate":"","_lmt_disable":"","_jetpack_memberships_contains_paid_content":false,"footnotes":""},"categories":[109,51],"tags":[2538],"class_list":["post-25862","post","type-post","status-publish","format-standard","has-post-thumbnail","hentry","category-minuto-a-minuto","category-zona-roja","tag-ivonne-gallegos-carreno"],"jetpack_featured_media_url":"https:\/\/zonaroja.com.mx\/wp-content\/uploads\/2021\/03\/Asesinan-a-Ivonne-Gallegos-Ocotlan.jpg","jetpack_sharing_enabled":true,"_links":{"self":[{"href":"https:\/\/zonaroja.com.mx\/index.php?rest_route=\/wp\/v2\/posts\/25862","targetHints":{"allow":["GET"]}}],"collection":[{"href":"https:\/\/zonaroja.com.mx\/index.php?rest_route=\/wp\/v2\/posts"}],"about":[{"href":"https:\/\/zonaroja.com.mx\/index.php?rest_route=\/wp\/v2\/types\/post"}],"author":[{"embeddable":true,"href":"https:\/\/zonaroja.com.mx\/index.php?rest_route=\/wp\/v2\/users\/2"}],"replies":[{"embeddable":true,"href":"https:\/\/zonaroja.com.mx\/index.php?rest_route=%2Fwp%2Fv2%2Fcomments&post=25862"}],"version-history":[{"count":1,"href":"https:\/\/zonaroja.com.mx\/index.php?rest_route=\/wp\/v2\/posts\/25862\/revisions"}],"predecessor-version":[{"id":25863,"href":"https:\/\/zonaroja.com.mx\/index.php?rest_route=\/wp\/v2\/posts\/25862\/revisions\/25863"}],"wp:featuredmedia":[{"embeddable":true,"href":"https:\/\/zonaroja.com.mx\/index.php?rest_route=\/wp\/v2\/media\/24927"}],"wp:attachment":[{"href":"https:\/\/zonaroja.com.mx\/index.php?rest_route=%2Fwp%2Fv2%2Fmedia&parent=25862"}],"wp:term":[{"taxonomy":"category","embeddable":true,"href":"https:\/\/zonaroja.com.mx\/index.php?rest_route=%2Fwp%2Fv2%2Fcategories&post=25862"},{"taxonomy":"post_tag","embeddable":true,"href":"https:\/\/zonaroja.com.mx\/index.php?rest_route=%2Fwp%2Fv2%2Ftags&post=25862"}],"curies":[{"name":"wp","href":"https:\/\/api.w.org\/{rel}","templated":true}]}}