{"id":25864,"date":"2021-04-12T08:04:57","date_gmt":"2021-04-12T13:04:57","guid":{"rendered":"http:\/\/www.zonaroja.com.mx\/?p=25864"},"modified":"2021-04-12T08:04:59","modified_gmt":"2021-04-12T13:04:59","slug":"elecciones-oaxaca-campanas-grises-y-violencia-al-rojo-vivo","status":"publish","type":"post","link":"https:\/\/zonaroja.com.mx\/?p=25864","title":{"rendered":"Elecciones Oaxaca: campa\u00f1as grises y violencia al rojo vivo"},"content":{"rendered":"\n<p>Ismael Garc\u00eda M.\/Zona Roja.<\/p>\n\n\n\n<p>Oaxaca de Ju\u00e1rez, Oax., 12 de abril de 2021.- Con los primeros minutos del 4 de abril, primer d\u00eda de campa\u00f1a pol\u00edtica, inici\u00f3 \u2013-o arreci\u00f3&#8211; tambi\u00e9n la violencia en Oaxaca.<\/p>\n\n\n\n<p>Karla Jim\u00e9nez, candidata a diputada federal, denunci\u00f3 que un grupo armado irrumpi\u00f3 su acto con el Partido Fuerza por M\u00e9xico, por lo cual termin\u00f3 con anticipaci\u00f3n; posteriormente present\u00f3 denuncia ante la Fiscal\u00eda General del Estado.<\/p>\n\n\n\n<p>Con violencia, pero tambi\u00e9n con tonos grises, iniciaron la semana pasada las campa\u00f1as pol\u00edticas para candidatos a diputados federales, en que la pandemia por Covid ha terminado por enterrar la imaginaci\u00f3n de las y los pol\u00edticos, que unos no alcanzan a innovar y otros prefieren la comodidad del internet.<\/p>\n\n\n\n<p>Son 10 diputaciones federales en juego en el estado de Oaxaca, pero en los pr\u00f3ximos d\u00edas comenzar\u00e1 tambi\u00e9n el proselitismo por las 25 diputaciones locales y 17 de representaci\u00f3n proporcional, as\u00ed como 153 presidencias municipales por el r\u00e9gimen de partidos, jornada que culminar\u00e1 el 6 de junio.<\/p>\n\n\n\n<p>LOS DATOS<\/p>\n\n\n\n<p>Pero la violencia pol\u00edtica no comenz\u00f3 el pasado 4 de abril, sino d\u00edas atr\u00e1s y el caso m\u00e1s emblem\u00e1tico es el de Ivonne Gallegos, panista que buscaba la presidencia municipal de Ocotl\u00e1n de Morelos y fue asesinada a balazos el 20 de marzo, mientras que su pareja result\u00f3 lesionada.<\/p>\n\n\n\n<p>De acuerdo con el Tercer Informe de Violencia Pol\u00edtica de la consultor\u00eda \u201cEtelleckt\u201d, en Oaxaca ocho pol\u00edticos y un servidor p\u00fablico han asesinados durante el proceso electoral, que inici\u00f3 en septiembre pasado, lo cual mantiene al estado en la quinta posici\u00f3n a nivel nacional por este tipo de delitos.<\/p>\n\n\n\n<p>Seg\u00fan esa empresa, con 65 pol\u00edticos v\u00edctimas de homicidio doloso en M\u00e9xico, el proceso electoral concurrente 2021 se convierte en el segundo m\u00e1s violento desde el 2000, al superar la cifra de 61 pol\u00edticos que perdieron la vida en atentados (6 de ellos aspirantes), en el proceso de 2015.<\/p>\n\n\n\n<p>El informe detalla que en lo que va del proceso electoral se han registrado 262 agresiones; 65 pol\u00edticos han pedido la vida en atentados, 76 enfrentaron amenazas,18 fueron privados ilegalmente de su libertad y 13 fueron objeto de homicidio en grado de tentativa.<\/p>\n\n\n\n<p>Por su parte, en un informe reciente del Observatorio de Participaci\u00f3n Pol\u00edtica de las Mujeres en el Estado de Oaxaca \u2013conformado por instituciones electorales y de gobierno&#8211;, en el primer trimestre de 2021, se ha incrementado el promedio mensual de juicios iniciados por violencia pol\u00edtica en raz\u00f3n de g\u00e9nero, en comparaci\u00f3n con el a\u00f1o pasado.<\/p>\n\n\n\n<p>En 2020, cada mes, se iniciaron en promedio, cuatro juicios sobre asuntos relativos a violencia pol\u00edtica en raz\u00f3n de g\u00e9nero; en contraste, en lo que va de 2021, se han presentado 20 juicios por violencia pol\u00edtica en raz\u00f3n de g\u00e9nero, lo que sube el promedio tentativo a seis juicios por mes.<\/p>\n\n\n\n<p>EL ACUERDO<\/p>\n\n\n\n<p>Desde diciembre pasado, el Congreso del Estado de Oaxaca hab\u00eda aprobado un exhorto para pedir al titular del Ejecutivo la firma de un pacto de civilidad en el proceso electoral; la voz no se escuch\u00f3.<\/p>\n\n\n\n<p>El 26 de marzo de este a\u00f1o, de nuevo la 64 Legislatura aprob\u00f3 un exhorto a las autoridades administrativas y electorales de Oaxaca, para convocar a la firma de un pacto de civilidad pol\u00edtica en defensa de los principios democr\u00e1ticos y un proceso electoral libre de violencia pol\u00edtica.<\/p>\n\n\n\n<p>No fue sino hasta el martes 6 de abril en que el gobernador Alejandro Murat, titulares de \u00f3rganos electorales y representantes de partidos pol\u00edticos, firmaron un acuerdo de civilidad.<\/p>\n\n\n\n<p>En el documento se establece el rechazo absoluto a todo acto de violencia que inhiba la participaci\u00f3n de la ciudadan\u00eda en el proceso electoral, y de manera especialmente en\u00e9rgica el repudio a todo acto de violencia pol\u00edtica contra las mujeres en raz\u00f3n de g\u00e9nero.<\/p>\n\n\n\n<p>VIOLENCIA SEGUIR\u00c1<\/p>\n\n\n\n<p>Mientras tanto, las y los aspirantes a una diputaci\u00f3n federal siguen su campa\u00f1a, algunos t\u00edmidamente casas y colonias; otros m\u00e1s optan por mensajes v\u00eda internet y unos m\u00e1s por actos masivos, sin importarles la salud ante la pandemia.<\/p>\n\n\n\n<p>En la generalidad, son los mismos nombres y los mismos apellidos, en Morena y en el PRI-PAN-PRD o cualquier otro instituto pol\u00edtico. Las mismas ambiciones, los mismos rostros\u2026<\/p>\n\n\n\n<p>As\u00ed que ni el acuerdo ni la voluntad de los actores ser\u00e1 un freno para la delincuencia o para los pol\u00edticos, de todos los partidos, acostumbrados a resolver sus diferencias o abrirse paso con la violencia.<\/p>\n\n\n\n<p>Menos cuando hay una Secretar\u00eda de Seguridad P\u00fablica en manos de Heliodoro D\u00edaz Esc\u00e1rraga, que ya es rechazado por varias organizaciones sociales, o una Fiscal\u00eda General cuyo titular Arturo Peimbert est\u00e1 por cumplir un mes en el cargo y nada m\u00e1s no hay ning\u00fan resultado positivo en los varios delitos de alto impacto cometidos en su breve gesti\u00f3n.<\/p>\n","protected":false},"excerpt":{"rendered":"<p>Ismael Garc\u00eda M.\/Zona Roja. Oaxaca de Ju\u00e1rez, Oax., 12 de abril de 2021.- Con los&hellip;<\/p>\n","protected":false},"author":2,"featured_media":7610,"comment_status":"closed","ping_status":"open","sticky":false,"template":"","format":"standard","meta":{"_lmt_disableupdate":"","_lmt_disable":"","_jetpack_memberships_contains_paid_content":false,"footnotes":""},"categories":[456,109,48],"tags":[1353],"class_list":["post-25864","post","type-post","status-publish","format-standard","has-post-thumbnail","hentry","category-columna","category-minuto-a-minuto","category-zona-critica","tag-opinion-zona-critica"],"jetpack_featured_media_url":"https:\/\/zonaroja.com.mx\/wp-content\/uploads\/2020\/01\/Opini\u00f3n-Zona-Cr\u00edtica.jpg","jetpack_sharing_enabled":true,"_links":{"self":[{"href":"https:\/\/zonaroja.com.mx\/index.php?rest_route=\/wp\/v2\/posts\/25864","targetHints":{"allow":["GET"]}}],"collection":[{"href":"https:\/\/zonaroja.com.mx\/index.php?rest_route=\/wp\/v2\/posts"}],"about":[{"href":"https:\/\/zonaroja.com.mx\/index.php?rest_route=\/wp\/v2\/types\/post"}],"author":[{"embeddable":true,"href":"https:\/\/zonaroja.com.mx\/index.php?rest_route=\/wp\/v2\/users\/2"}],"replies":[{"embeddable":true,"href":"https:\/\/zonaroja.com.mx\/index.php?rest_route=%2Fwp%2Fv2%2Fcomments&post=25864"}],"version-history":[{"count":1,"href":"https:\/\/zonaroja.com.mx\/index.php?rest_route=\/wp\/v2\/posts\/25864\/revisions"}],"predecessor-version":[{"id":25865,"href":"https:\/\/zonaroja.com.mx\/index.php?rest_route=\/wp\/v2\/posts\/25864\/revisions\/25865"}],"wp:featuredmedia":[{"embeddable":true,"href":"https:\/\/zonaroja.com.mx\/index.php?rest_route=\/wp\/v2\/media\/7610"}],"wp:attachment":[{"href":"https:\/\/zonaroja.com.mx\/index.php?rest_route=%2Fwp%2Fv2%2Fmedia&parent=25864"}],"wp:term":[{"taxonomy":"category","embeddable":true,"href":"https:\/\/zonaroja.com.mx\/index.php?rest_route=%2Fwp%2Fv2%2Fcategories&post=25864"},{"taxonomy":"post_tag","embeddable":true,"href":"https:\/\/zonaroja.com.mx\/index.php?rest_route=%2Fwp%2Fv2%2Ftags&post=25864"}],"curies":[{"name":"wp","href":"https:\/\/api.w.org\/{rel}","templated":true}]}}