{"id":25866,"date":"2021-04-12T08:15:57","date_gmt":"2021-04-12T13:15:57","guid":{"rendered":"http:\/\/www.zonaroja.com.mx\/?p=25866"},"modified":"2021-04-12T21:12:46","modified_gmt":"2021-04-13T02:12:46","slug":"aumentan-casos-de-covid-pero-oaxaca-inicia-hoy-en-semaforo-rojo","status":"publish","type":"post","link":"https:\/\/zonaroja.com.mx\/?p=25866","title":{"rendered":"Aumentan casos de Covid&#8230; pero Oaxaca inicia hoy en sem\u00e1foro verde"},"content":{"rendered":"\n<p>Redacci\u00f3n\/Zona Roja.<\/p>\n\n\n\n<p>Oaxaca de Ju\u00e1rez, Oax., 12 de abril de 2021.- Oaxaca inicia hoy dos semanas en sem\u00e1foro epidemiol\u00f3gico color verde, que significa menor riesgo de contagio de Covid-19; sin embargo, la propia dependencia Servicios de Salud del estado reconoci\u00f3 alza en n\u00famero de enfermos.<\/p>\n\n\n\n<p>\u201cComo se ha informado de manera puntual a trav\u00e9s de los cortes epidemiol\u00f3gicos, durante los primeros d\u00edas posteriores a la primera semana de vacaciones, los casos confirmados por Covid-19 han registrado un aumento importante en el n\u00famero de casos confirmados.<\/p>\n\n\n\n<p>\u201cLa semana del 4 al 10 de abril se registr\u00f3 un incremento de 576 casos confirmados, en comparaci\u00f3n con la semana anterior, pasando de 316 a 892 casos reportados por semana. Por otra parte, la red hospitalaria para la atenci\u00f3n de pacientes con COVID-19 registr\u00f3 un ligero descenso de 0.3% en el n\u00famero de hospitalizados en comparaci\u00f3n con la semana anterior, por lo que la ocupaci\u00f3n promedio es del 25.7%\u201d, expuso ayer en un comunicado.<\/p>\n\n\n\n<p>Detall\u00f3 que el transitar en sem\u00e1foro epidemiol\u00f3gico verde \u201cno es una condici\u00f3n que nos deba mantener confiados, pues el riesgo de enfermar sigue latente, y luego de las vacaciones de temporada podr\u00eda existir una tercera ola de contagios a causa de la enfermedad\u201d.<\/p>\n\n\n\n<p>Agreg\u00f3 que con el inicio de las campa\u00f1as pol\u00edticas, los Servicios de Salud de Oaxaca, recomiendan evitar actos masivos de personas en espacios cerrados con poca ventilaci\u00f3n, instalar filtros sanitarios, los cuales deber\u00e1n contar con toma de temperatura, aplicaci\u00f3n de gel antibacterial o \u00e1rea de lavado de manos.<\/p>\n\n\n\n<p>As\u00ed como realizar la desinfecci\u00f3n de art\u00edculos y espacios de uso com\u00fan, no ingerir alimentos durante la actividad, portar el cubrebocas de manera obligatoria y mantener una sana distancia de m\u00ednimo 1.5 metros.<\/p>\n","protected":false},"excerpt":{"rendered":"<p>Redacci\u00f3n\/Zona Roja. Oaxaca de Ju\u00e1rez, Oax., 12 de abril de 2021.- Oaxaca inicia hoy dos&hellip;<\/p>\n","protected":false},"author":2,"featured_media":25867,"comment_status":"closed","ping_status":"open","sticky":false,"template":"","format":"standard","meta":{"_lmt_disableupdate":"","_lmt_disable":"","_jetpack_memberships_contains_paid_content":false,"footnotes":""},"categories":[109,47],"tags":[1512],"class_list":["post-25866","post","type-post","status-publish","format-standard","has-post-thumbnail","hentry","category-minuto-a-minuto","category-zona-gris","tag-coronavirus-oaxaca"],"jetpack_featured_media_url":"https:\/\/zonaroja.com.mx\/wp-content\/uploads\/2021\/04\/Turistas-ciudad-de-Oaxaca.jpg","jetpack_sharing_enabled":true,"_links":{"self":[{"href":"https:\/\/zonaroja.com.mx\/index.php?rest_route=\/wp\/v2\/posts\/25866","targetHints":{"allow":["GET"]}}],"collection":[{"href":"https:\/\/zonaroja.com.mx\/index.php?rest_route=\/wp\/v2\/posts"}],"about":[{"href":"https:\/\/zonaroja.com.mx\/index.php?rest_route=\/wp\/v2\/types\/post"}],"author":[{"embeddable":true,"href":"https:\/\/zonaroja.com.mx\/index.php?rest_route=\/wp\/v2\/users\/2"}],"replies":[{"embeddable":true,"href":"https:\/\/zonaroja.com.mx\/index.php?rest_route=%2Fwp%2Fv2%2Fcomments&post=25866"}],"version-history":[{"count":2,"href":"https:\/\/zonaroja.com.mx\/index.php?rest_route=\/wp\/v2\/posts\/25866\/revisions"}],"predecessor-version":[{"id":25888,"href":"https:\/\/zonaroja.com.mx\/index.php?rest_route=\/wp\/v2\/posts\/25866\/revisions\/25888"}],"wp:featuredmedia":[{"embeddable":true,"href":"https:\/\/zonaroja.com.mx\/index.php?rest_route=\/wp\/v2\/media\/25867"}],"wp:attachment":[{"href":"https:\/\/zonaroja.com.mx\/index.php?rest_route=%2Fwp%2Fv2%2Fmedia&parent=25866"}],"wp:term":[{"taxonomy":"category","embeddable":true,"href":"https:\/\/zonaroja.com.mx\/index.php?rest_route=%2Fwp%2Fv2%2Fcategories&post=25866"},{"taxonomy":"post_tag","embeddable":true,"href":"https:\/\/zonaroja.com.mx\/index.php?rest_route=%2Fwp%2Fv2%2Ftags&post=25866"}],"curies":[{"name":"wp","href":"https:\/\/api.w.org\/{rel}","templated":true}]}}