{"id":25869,"date":"2021-04-12T08:22:29","date_gmt":"2021-04-12T13:22:29","guid":{"rendered":"http:\/\/www.zonaroja.com.mx\/?p=25869"},"modified":"2021-04-12T08:42:53","modified_gmt":"2021-04-12T13:42:53","slug":"siguen-movilizaciones-de-normalistas-rechaza-ieepo-desaparicion-de-escuelas","status":"publish","type":"post","link":"https:\/\/zonaroja.com.mx\/?p=25869","title":{"rendered":"Siguen movilizaciones de normalistas; rechaza IEEPO desaparici\u00f3n de escuelas"},"content":{"rendered":"\n<p>Redacci\u00f3n\/Zona Roja.<\/p>\n\n\n\n<p>Oaxaca de Ju\u00e1rez, Oax., 12 de abril de 2021.- Mientras que el s\u00e1bado bloquearon el crucero de calzada H\u00e9roes de Chapultepec y Porfirio D\u00edaz de la capital oaxaque\u00f1a, hoy de nuevo presuntos estudiantes normalistas se apoderan de camiones del transporte urbano,&nbsp; para reanudar movilizaciones, en demanda central de la no desaparici\u00f3n de escuelas Normales.<\/p>\n\n\n\n<p>Sin embargo, el Instituto Estatal de Educaci\u00f3n P\u00fablica de Oaxaca (IEEPO) rechaz\u00f3 que se contemple esta medida.<\/p>\n\n\n\n<p>\u201cLas Escuelas Normales son pilar, eje y centro en la formaci\u00f3n de las y los maestros de Oaxac, por ello, contrario a su supuesta desaparici\u00f3n, se tiene un plan integral para fortalecer su labor, a la altura de los retos actuales, con la visi\u00f3n de garantizar que ni\u00f1as, ni\u00f1os, adolescentes y j\u00f3venes tengan acceso a una educaci\u00f3n de calidad y en equidad\u201d, expuso la instituci\u00f3n.<\/p>\n\n\n\n<p>En un comunicado, detall\u00f3 que actualmente, las directivas de las 11 Escuelas Normales de la entidad y la comunidad normalista -en un di\u00e1logo permanente- ha logrado importantes avances en la atenci\u00f3n de las necesidades de estas instituciones educativas y en la contrataci\u00f3n del 100% de las y los egresados.<\/p>\n\n\n\n<p>\u201cLa autoridad educativa estatal deja en claro que nunca se ha mencionado por ninguna autoridad que se quieran desaparecer dichas escuelas y mantiene su disposici\u00f3n a mesas de trabajo que permitan mejorar la educaci\u00f3n del estudiantado y que cada una de sus solicitudes sean encaminadas para su atenci\u00f3n bajo los procesos correspondientes.<\/p>\n\n\n\n<p>\u201cLa sociedad en general y la comunidad normalista a trav\u00e9s del enlace https:\/\/www.oaxaca.gob.mx\/ieepo\/respuesta-a-normalistas\/ puede accesar al documento de respuesta a los 24 puntos presentados este a\u00f1o por la representaci\u00f3n estudiantil. Ah\u00ed mismo se pueden revisar los listados con los detalles de mil 329 normalistas contratados de las generaciones 2017-2018 y 2018 -2019, con apego a la ley y normatividad vigente\u201d, agreg\u00f3.<\/p>\n\n\n\n<p>A\u00f1adi\u00f3 que otro apoyo que se brinda a las y los aspirantes a ingresar a las 11 escuelas normales es que la autoridad educativa cubre en su totalidad, los gastos que se generan para el dise\u00f1o y elaboraci\u00f3n del examen de ingreso para el ciclo escolar 2021-2022, el cual ser\u00e1 conforme a las disposiciones aplicables en materia de salud que el Consejo de Salubridad General y la Secretar\u00eda de Educaci\u00f3n P\u00fablica (SEP) ya han emitido.<\/p>\n\n\n\n<p>En cuanto a la exigencia sobre la contrataci\u00f3n autom\u00e1tica de la generaci\u00f3n 2017-2021 de las 11 Escuelas Normales P\u00fablicas del Estado de Oaxaca, sin ning\u00fan condicionamiento, rechazando todo examen o plataforma, se informa que en tanto la normatividad vigente no sea modificada, el proceso de admisi\u00f3n en educaci\u00f3n b\u00e1sica se realiza a trav\u00e9s de la Convocatoria emitida por la Unidad de Sistema para la Carrera de las Maestras y Maestros (Usicamm) y conforme a la vacancia existente en cada entidad federativa.<\/p>\n","protected":false},"excerpt":{"rendered":"<p>Redacci\u00f3n\/Zona Roja. Oaxaca de Ju\u00e1rez, Oax., 12 de abril de 2021.- Mientras que el s\u00e1bado&hellip;<\/p>\n","protected":false},"author":2,"featured_media":16239,"comment_status":"closed","ping_status":"open","sticky":false,"template":"","format":"standard","meta":{"_lmt_disableupdate":"","_lmt_disable":"","_jetpack_memberships_contains_paid_content":false,"footnotes":""},"categories":[109,47],"tags":[1916],"class_list":["post-25869","post","type-post","status-publish","format-standard","has-post-thumbnail","hentry","category-minuto-a-minuto","category-zona-gris","tag-protestas-estudiantes-normalistas-de-oaxaca"],"jetpack_featured_media_url":"https:\/\/zonaroja.com.mx\/wp-content\/uploads\/2020\/08\/Protesta-normalistas-1.jpg","jetpack_sharing_enabled":true,"_links":{"self":[{"href":"https:\/\/zonaroja.com.mx\/index.php?rest_route=\/wp\/v2\/posts\/25869","targetHints":{"allow":["GET"]}}],"collection":[{"href":"https:\/\/zonaroja.com.mx\/index.php?rest_route=\/wp\/v2\/posts"}],"about":[{"href":"https:\/\/zonaroja.com.mx\/index.php?rest_route=\/wp\/v2\/types\/post"}],"author":[{"embeddable":true,"href":"https:\/\/zonaroja.com.mx\/index.php?rest_route=\/wp\/v2\/users\/2"}],"replies":[{"embeddable":true,"href":"https:\/\/zonaroja.com.mx\/index.php?rest_route=%2Fwp%2Fv2%2Fcomments&post=25869"}],"version-history":[{"count":1,"href":"https:\/\/zonaroja.com.mx\/index.php?rest_route=\/wp\/v2\/posts\/25869\/revisions"}],"predecessor-version":[{"id":25870,"href":"https:\/\/zonaroja.com.mx\/index.php?rest_route=\/wp\/v2\/posts\/25869\/revisions\/25870"}],"wp:featuredmedia":[{"embeddable":true,"href":"https:\/\/zonaroja.com.mx\/index.php?rest_route=\/wp\/v2\/media\/16239"}],"wp:attachment":[{"href":"https:\/\/zonaroja.com.mx\/index.php?rest_route=%2Fwp%2Fv2%2Fmedia&parent=25869"}],"wp:term":[{"taxonomy":"category","embeddable":true,"href":"https:\/\/zonaroja.com.mx\/index.php?rest_route=%2Fwp%2Fv2%2Fcategories&post=25869"},{"taxonomy":"post_tag","embeddable":true,"href":"https:\/\/zonaroja.com.mx\/index.php?rest_route=%2Fwp%2Fv2%2Ftags&post=25869"}],"curies":[{"name":"wp","href":"https:\/\/api.w.org\/{rel}","templated":true}]}}