{"id":25874,"date":"2021-04-12T17:28:28","date_gmt":"2021-04-12T22:28:28","guid":{"rendered":"http:\/\/www.zonaroja.com.mx\/?p=25874"},"modified":"2021-04-12T17:28:31","modified_gmt":"2021-04-12T22:28:31","slug":"llevaran-ante-scjn-caso-de-violencia-politica-contra-titular-de-sistema-anticorrupcion","status":"publish","type":"post","link":"https:\/\/zonaroja.com.mx\/?p=25874","title":{"rendered":"Llevar\u00e1n ante SCJN caso de violencia pol\u00edtica contra titular de Sistema Anticorrupci\u00f3n"},"content":{"rendered":"\n<p>Evlin Arag\u00f3n\/Zona Roja.<\/p>\n\n\n\n<p>Oaxaca de Ju\u00e1rez, Oax., 12 de abril de 2021.- Reyna Miguel Santill\u00e1n, integrante del Comit\u00e9 de Participaci\u00f3n Ciudadana del Sistema Estatal de Combate a la Corrupci\u00f3n, anunci\u00f3 que llevar\u00e1 su caso a la Suprema Corte de Justicia (SCJN), tras la reciente resoluci\u00f3n de la Sala Xalapa del Tribunal Electoral del Poder Judicial de la Federaci\u00f3n, que no reconoce la violencia pol\u00edtica cometida en su contra, misma que ha denunciado en reiteradas ocasiones.&nbsp;<\/p>\n\n\n\n<p>En conferencia de presa, asegur\u00f3 que \u201cel TEPJF se volvi\u00f3 c\u00f3mplice\u201d de sus agresores, al declarar que no es competente para analizar la denuncia de violencia pol\u00edtica en contra de una funcionaria p\u00fablica, ello al no ser electa por el voto r a un puesto de representaci\u00f3n popular.&nbsp;<\/p>\n\n\n\n<p>\u201cCon su resoluci\u00f3n la Sala Regional se vuelve c\u00f3mplice de mis agresores, pue permite y tolera que se sigan cometiendo esos actos de violencia sin que remita a autoridad alguna para que los investigue y los sancione, generando impunidad\u201d, refiri\u00f3.&nbsp;<\/p>\n\n\n\n<p>La denunciante se opuso rotundamente al criterio del Tribunal, que asegura vulnera los principios de universalidad, progresividad, pro persona e interpretaci\u00f3n conforme a los derechos humanos de las mujeres, de ah\u00ed que presentara un recurso de reconsideraci\u00f3n ante la SCJN.&nbsp;<\/p>\n\n\n\n<p>Se trata de un recurso de denominado \u00abconflicto competencial\u00bb en contra del Tribunal Electoral, al no querer aceptar la competencia que le otorg\u00f3 el legislador ordinario producto de la reforma de Violencia Pol\u00edtica en Raz\u00f3n de G\u00e9nero, aprobada el 13 de abril del 2020.&nbsp;<\/p>\n\n\n\n<p>La funcionaria p\u00fablica suplic\u00f3 a las ministras y ministro del Suprema Corte acepten y resuelvan el conflicto, de lo contrario quedar\u00e1 asentado que las mujeres no cuentan con instituciones que les hagan justicia al momento de ser v\u00edctima de violencia pol\u00edtica.&nbsp;<\/p>\n\n\n\n<p>\u201cAcudo como \u00faltimo recurso ante este m\u00e1ximo tribunal para que resuelva en aras de proteger a las mujeres que estamos siendo v\u00edctimas de violencia pol\u00edtica por el simple hecho de querer ejercer nuestros derechos pol\u00edticos electorales de participaci\u00f3n en las funciones del Estado\u201d, indic\u00f3.&nbsp;<\/p>\n\n\n\n<p>Detall\u00f3 que la existencia o inexistencia de derechos pol\u00edticos no debe condicionarse a que la mujer posea al momento un cargo de elecci\u00f3n popular, pues \u00e9stos derivan de los derechos pol\u00edticos los cuales pueden ser: el de asociaci\u00f3n, asistencia a reuniones pol\u00edticas, actividad comunitaria, libertad de ideas, manifestaci\u00f3n p\u00fablica y en ejercicio de cargos p\u00fablicos y de direcci\u00f3n pol\u00edtica, por citar algunos.&nbsp;<\/p>\n\n\n\n<p>Finalmente, hizo un llamado a las mujeres en general para que se sumen a la denuncia del conflicto competencial a fin de presentarlo en conjunto ante la SCJN.&nbsp;<\/p>\n\n\n\n<p>Desde diciembre del 2020, integrantes de las organizaciones civiles \u201cOaxaque\u00f1as contra la Violencia\u201d y \u201cOaxaque\u00f1os Vs la Corrupci\u00f3n\u201d, han condenado la violencia de g\u00e9nero ejercida en contra de Reyna Miguel Santill\u00e1n.<\/p>\n\n\n\n<p>Los actos cometidos en perjuicio de la funcionaria tienen que ver la obstaculizaci\u00f3n en el desempe\u00f1o de sus funciones, manifestaciones que va en contra de su dignidad, a trav\u00e9s de discriminaci\u00f3n, marginaci\u00f3n e invisibilizaci\u00f3n de sus actividades; y han sido cometidos por el presidente del Comit\u00e9 de Participaci\u00f3n Ciudadana Francisco Pablo Mungu\u00eda Gayt\u00e1n y el secretario t\u00e9cnico Eugenio Alberto Garc\u00eda Hern\u00e1ndez.&nbsp;&nbsp;<\/p>\n","protected":false},"excerpt":{"rendered":"<p>Evlin Arag\u00f3n\/Zona Roja. Oaxaca de Ju\u00e1rez, Oax., 12 de abril de 2021.- Reyna Miguel Santill\u00e1n,&hellip;<\/p>\n","protected":false},"author":2,"featured_media":25875,"comment_status":"closed","ping_status":"open","sticky":false,"template":"","format":"standard","meta":{"_lmt_disableupdate":"","_lmt_disable":"","_jetpack_memberships_contains_paid_content":false,"footnotes":""},"categories":[109,47],"tags":[2473],"class_list":["post-25874","post","type-post","status-publish","format-standard","has-post-thumbnail","hentry","category-minuto-a-minuto","category-zona-gris","tag-reyna-miguel-santillan"],"jetpack_featured_media_url":"https:\/\/zonaroja.com.mx\/wp-content\/uploads\/2021\/04\/Reyna-Miguel-Santillan.jpg","jetpack_sharing_enabled":true,"_links":{"self":[{"href":"https:\/\/zonaroja.com.mx\/index.php?rest_route=\/wp\/v2\/posts\/25874","targetHints":{"allow":["GET"]}}],"collection":[{"href":"https:\/\/zonaroja.com.mx\/index.php?rest_route=\/wp\/v2\/posts"}],"about":[{"href":"https:\/\/zonaroja.com.mx\/index.php?rest_route=\/wp\/v2\/types\/post"}],"author":[{"embeddable":true,"href":"https:\/\/zonaroja.com.mx\/index.php?rest_route=\/wp\/v2\/users\/2"}],"replies":[{"embeddable":true,"href":"https:\/\/zonaroja.com.mx\/index.php?rest_route=%2Fwp%2Fv2%2Fcomments&post=25874"}],"version-history":[{"count":1,"href":"https:\/\/zonaroja.com.mx\/index.php?rest_route=\/wp\/v2\/posts\/25874\/revisions"}],"predecessor-version":[{"id":25876,"href":"https:\/\/zonaroja.com.mx\/index.php?rest_route=\/wp\/v2\/posts\/25874\/revisions\/25876"}],"wp:featuredmedia":[{"embeddable":true,"href":"https:\/\/zonaroja.com.mx\/index.php?rest_route=\/wp\/v2\/media\/25875"}],"wp:attachment":[{"href":"https:\/\/zonaroja.com.mx\/index.php?rest_route=%2Fwp%2Fv2%2Fmedia&parent=25874"}],"wp:term":[{"taxonomy":"category","embeddable":true,"href":"https:\/\/zonaroja.com.mx\/index.php?rest_route=%2Fwp%2Fv2%2Fcategories&post=25874"},{"taxonomy":"post_tag","embeddable":true,"href":"https:\/\/zonaroja.com.mx\/index.php?rest_route=%2Fwp%2Fv2%2Ftags&post=25874"}],"curies":[{"name":"wp","href":"https:\/\/api.w.org\/{rel}","templated":true}]}}