{"id":25879,"date":"2021-04-12T17:46:00","date_gmt":"2021-04-12T22:46:00","guid":{"rendered":"http:\/\/www.zonaroja.com.mx\/?p=25879"},"modified":"2021-04-12T17:46:04","modified_gmt":"2021-04-12T22:46:04","slug":"colectivos-de-mujeres-piden-al-ieepco-el-registro-de-candidata-afromexicana","status":"publish","type":"post","link":"https:\/\/zonaroja.com.mx\/?p=25879","title":{"rendered":"Colectivos de mujeres piden al IEEPCO el registro de candidata afromexicana"},"content":{"rendered":"\n<p>Evlin Arag\u00f3n\/Zona Roja.<\/p>\n\n\n\n<p>Oaxaca de Ju\u00e1rez, Oax., 12 de abril de 2021.- Activistas y colectivos en defensa de los derechos pol\u00edticos de las mujeres, exigieron a las autoridades del Instituto Estatal Electoral y de Participaci\u00f3n Ciudadana de Oaxaca (IEEPCO) que reconozcan y registren la candidatura Rosa Mar\u00eda Castro Salinas, para la diputaci\u00f3n local por el Distrito 25 de San Pedro Pochutla.<\/p>\n\n\n\n<p>Lo anterior en la modalidad de Mayor\u00eda Relativa y Representaci\u00f3n Proporcional, por el partido Morena, conforme a la base ocho de la convocatoria del instituto pol\u00edtico, misma que fue pasada por alto por las instancias internas y deben ser revisadas por la Comisi\u00f3n Nacional de Honor y Justicia.<\/p>\n\n\n\n<p>Mediante un pronunciamiento, exigieron el cumplimiento de las acciones afirmativas para mujeres interesadas en participar en el proceso electoral, como parte de las acciones afirmativas emitidas por el IEEPCO y ratificadas por la Sala Superior del Tribunal Electoral del Poder Judicial de la Federaci\u00f3n.<\/p>\n\n\n\n<p>Explicaron que dichas acciones obligan a los partidos pol\u00edticos en Oaxaca, a registrar candidaturas afromexicanas e ind\u00edgenas en cinco f\u00f3rmulas de la elecci\u00f3n de diputadas\/os y en un 35% en cada segmento de competitividad para los ayuntamientos, adem\u00e1s de respetar la paridad entre los g\u00e9neros.<\/p>\n\n\n\n<p>Por lo anterior, manifestaron su respaldo a Rosa Mar\u00eda Castro Salinas, originaria de Charco Grande, comunidad perteneciente al municipio de Villa de Tututepec, y representante de la Asociaci\u00f3n de Mujeres de la Costa de Oaxaca (AMCO), desde donde ha impulsado el reconocimiento de la comunidad negra.&nbsp;<\/p>\n\n\n\n<p>As\u00ed mismo, urgieron al Estado Mexicano a tomar las medidas necesarias y suficientes para la inclusi\u00f3n y representaci\u00f3n de las mujeres afromexicanas y de todas las personas que integran la comunidad, que hist\u00f3ricamente han sido excluidas de los espacios de poder.&nbsp;<\/p>\n\n\n\n<p>\u201cNo permitiremos que esos lugares sigan siendo imposibles de ocupar por personas que realmente nos representen. Queremos y necesitamos que nuestras agendas pol\u00edticas y sociales est\u00e9n representadas por mujeres afromexicanas, expresaron.<\/p>\n\n\n\n<p>Finalmente, manifestaron que sin las mujeres afromexicanas no hay democracia, por lo que insistir\u00e1n hasta que la representaci\u00f3n pol\u00edtica y la inclusi\u00f3n de dicha poblaci\u00f3n sea real.&nbsp;<\/p>\n\n\n\n<p>Algunas de las organizaciones firmantes son: Colectiva \u00d1aa Tunda, Mano Amiga de la Costa Chica A.C., M\u00e9xico Negro A.C., Red de Mujeres Afromexicanas A.C., Asociaci\u00f3n de Mujeres de la Costa de Oaxaca, Red de Mujeres Revolucionando Huatulco, Frente Regional en Defensa de los Pueblos Chatinos de Oaxaca, Orgullosamente Afromexicanas, entre otras.&nbsp;<\/p>\n","protected":false},"excerpt":{"rendered":"<p>Evlin Arag\u00f3n\/Zona Roja. Oaxaca de Ju\u00e1rez, Oax., 12 de abril de 2021.- Activistas y colectivos&hellip;<\/p>\n","protected":false},"author":2,"featured_media":25880,"comment_status":"closed","ping_status":"open","sticky":false,"template":"","format":"standard","meta":{"_lmt_disableupdate":"","_lmt_disable":"","_jetpack_memberships_contains_paid_content":false,"footnotes":""},"categories":[109,47],"tags":[2600],"class_list":["post-25879","post","type-post","status-publish","format-standard","has-post-thumbnail","hentry","category-minuto-a-minuto","category-zona-gris","tag-rosa-maria-castro-salinas"],"jetpack_featured_media_url":"https:\/\/zonaroja.com.mx\/wp-content\/uploads\/2021\/04\/Rosy-Castro-Salinas.jpg","jetpack_sharing_enabled":true,"_links":{"self":[{"href":"https:\/\/zonaroja.com.mx\/index.php?rest_route=\/wp\/v2\/posts\/25879","targetHints":{"allow":["GET"]}}],"collection":[{"href":"https:\/\/zonaroja.com.mx\/index.php?rest_route=\/wp\/v2\/posts"}],"about":[{"href":"https:\/\/zonaroja.com.mx\/index.php?rest_route=\/wp\/v2\/types\/post"}],"author":[{"embeddable":true,"href":"https:\/\/zonaroja.com.mx\/index.php?rest_route=\/wp\/v2\/users\/2"}],"replies":[{"embeddable":true,"href":"https:\/\/zonaroja.com.mx\/index.php?rest_route=%2Fwp%2Fv2%2Fcomments&post=25879"}],"version-history":[{"count":1,"href":"https:\/\/zonaroja.com.mx\/index.php?rest_route=\/wp\/v2\/posts\/25879\/revisions"}],"predecessor-version":[{"id":25881,"href":"https:\/\/zonaroja.com.mx\/index.php?rest_route=\/wp\/v2\/posts\/25879\/revisions\/25881"}],"wp:featuredmedia":[{"embeddable":true,"href":"https:\/\/zonaroja.com.mx\/index.php?rest_route=\/wp\/v2\/media\/25880"}],"wp:attachment":[{"href":"https:\/\/zonaroja.com.mx\/index.php?rest_route=%2Fwp%2Fv2%2Fmedia&parent=25879"}],"wp:term":[{"taxonomy":"category","embeddable":true,"href":"https:\/\/zonaroja.com.mx\/index.php?rest_route=%2Fwp%2Fv2%2Fcategories&post=25879"},{"taxonomy":"post_tag","embeddable":true,"href":"https:\/\/zonaroja.com.mx\/index.php?rest_route=%2Fwp%2Fv2%2Ftags&post=25879"}],"curies":[{"name":"wp","href":"https:\/\/api.w.org\/{rel}","templated":true}]}}