{"id":25882,"date":"2021-04-12T18:01:56","date_gmt":"2021-04-12T23:01:56","guid":{"rendered":"http:\/\/www.zonaroja.com.mx\/?p=25882"},"modified":"2021-04-12T18:01:59","modified_gmt":"2021-04-12T23:01:59","slug":"estudiantes-vandalizan-oficinas-agreden-a-periodistas-y-la-policia-nunca-llego","status":"publish","type":"post","link":"https:\/\/zonaroja.com.mx\/?p=25882","title":{"rendered":"Estudiantes vandalizan oficinas, agreden a periodistas\u2026 y la polic\u00eda nunca lleg\u00f3"},"content":{"rendered":"\n<p>Yuridiana Sosa\/Zona Roja.<\/p>\n\n\n\n<p>Oaxaca de Ju\u00e1rez, Oax., 12 de abril de 2021.- Con rostros cubiertos &#8211;como se ha vuelto su modo de operar&#8211;, armados con piedras, tubos, martillos y hacha, entre otros objetos pesados, estudiantes normalistas de Oaxaca causaron destrozos en antiguos oficinas del IEEPO y agredieron a reporteros de distintos medios de comunicaci\u00f3n.<\/p>\n\n\n\n<p>Los integrantes de la Coordinadora Estudiantil Normalista del Estado de Oaxaca (CENEO) comenzaron la semana con movilizaciones violentas en reproche a supuestas demandas no cumplidas por el Instituto Estatal de Educaci\u00f3n P\u00fablica de Oaxaca (IEEPO).<\/p>\n\n\n\n<p>Encapuchados &#8211;adem\u00e1s del cubrebocas&#8211; , con gafas y otras prendas que les cubrieron el rostro, varones y mujeres normalista comenzaron su manifestaci\u00f3n de forma violenta, pues arribaron a las antiguas oficinas del IEEPO, en la carretera federal 190, en jurisdicci\u00f3n de Santa Luc\u00eda del Camino, con instrumentos para causar destrozos, as\u00ed como con cohetones y bombas molotov.<\/p>\n\n\n\n<p>Los inconformes con las autoridades iniciaron con un bloqueo en la carretera 190, en calles que imped\u00edan el paso hacia el inmueble del antiguo IEEPO. Primero ofrecieron conferencia de prensa para se\u00f1alar incumplimiento a sus demandas y despu\u00e9s, agredieron a los reporteros.<\/p>\n\n\n\n<figure class=\"wp-block-embed-twitter wp-block-embed is-type-rich is-provider-twitter\"><div class=\"wp-block-embed__wrapper\">\n<div class=\"twitter-tweet\"><blockquote class=\"twitter-tweet\" data-lang=\"es\"><p lang=\"es\" dir=\"ltr\"><a href=\"https:\/\/twitter.com\/hashtag\/%C3%9AltimoMinuto?src=hash&amp;ref_src=twsrc%5Etfw\">#\u00daltimoMinuto<\/a> <br>1. Estudiantes de escuelas Normales agreden a reporteros y camar\u00f3grafos que cubr\u00edan saqueos en el antiguo edifico del IEEPO y los acorralan. Urge presencia policiaca, carretera Internacional 190, Santa Luc\u00eda del Camino, Oaxaca. <a href=\"https:\/\/twitter.com\/CNDH?ref_src=twsrc%5Etfw\">@CNDH<\/a> <a href=\"https:\/\/twitter.com\/article19org?ref_src=twsrc%5Etfw\">@article19org<\/a> <a href=\"https:\/\/twitter.com\/DDHPO?ref_src=twsrc%5Etfw\">@DDHPO<\/a> <a href=\"https:\/\/twitter.com\/ELPINERO?ref_src=twsrc%5Etfw\">@ELPINERO<\/a> <a href=\"https:\/\/t.co\/JpoVNmZ5WB\">pic.twitter.com\/JpoVNmZ5WB<\/a><\/p>&mdash; Zona Roja Oaxaca (@Zona_Roja_Oax) <a href=\"https:\/\/twitter.com\/Zona_Roja_Oax\/status\/1381688488039481346?ref_src=twsrc%5Etfw\">12 de abril de 2021<\/a><\/blockquote><\/div>\n<\/div><\/figure>\n\n\n\n<p>VIOLENTA MANIFESTACI\u00d3N<\/p>\n\n\n\n<p>Luego de instalar el bloqueo y ofrecer declaraciones, los normalistas iniciaron acciones violentas.<\/p>\n\n\n\n<p>Con el uso de herramientas como barretas, martillos, hachas, entre otras, los futuros maestros de Oaxaca comenzaron los intentos por ingresar al edificio. Esto alrededor de las 13:00 horas.<\/p>\n\n\n\n<p>Reporteros de distintos medios de comunicaci\u00f3n presentes en la actividad, se aproximaron para registrar el hecho. Fue entonces que los estudiantes armados agredieron a reporteros, camar\u00f3grafos y fot\u00f3grafos.<\/p>\n\n\n\n<p>Los supuestos normalistas lanzaron piedras, patearon, golpearon a los reporteros, as\u00ed como da\u00f1aron y arrebataron sus equipos de trabajo.<\/p>\n\n\n\n<p>Minutos despu\u00e9s, ante la resistencia de los medios de comunicaci\u00f3n para registrar el saqueo al inmueble, volvieron a ser agredidos mientras trataban de impedir su labor.<\/p>\n\n\n\n<p>Los normalistas incendiaron sobre la carretera federal 190 mobiliario que sacaron del edificio, as\u00ed como realizaron diversos destrozos y rompieron cristales.<\/p>\n\n\n\n<p>Ante el numeroso grupo de manifestantes, los reporteros presentes fueron replegados y \u201cencapsulados\u201d por algunos minutos.<\/p>\n\n\n\n<p>Cerca de las 16:00 horas, personal de la Defensor\u00eda de los Derechos Humanos del Pueblo de Oaxaca arrib\u00f3 al lugar para ser testigo de los hechos y tomar la declaraci\u00f3n de algunos reporteros afectados.<\/p>\n\n\n\n<p>Sin embargo, pese a los diversos llamados de apoyo, ni polic\u00eda municipal de Santa Luc\u00eda del Camino, ni Polic\u00eda Estatal, dependiente de la Secretar\u00eda de Seguridad P\u00fablica, arribaron al lugar. Mientras que elementos de la Guardia Nacional solo pasaron, sin detener del paso, por la zona de manifestaci\u00f3n. Hasta la tarde de este lunes, el bloqueo al crucero vial continuaba.<\/p>\n","protected":false},"excerpt":{"rendered":"<p>Yuridiana Sosa\/Zona Roja. Oaxaca de Ju\u00e1rez, Oax., 12 de abril de 2021.- Con rostros cubiertos&hellip;<\/p>\n","protected":false},"author":2,"featured_media":25883,"comment_status":"closed","ping_status":"open","sticky":false,"template":"","format":"standard","meta":{"_lmt_disableupdate":"","_lmt_disable":"","_jetpack_memberships_contains_paid_content":false,"footnotes":""},"categories":[109,47],"tags":[1926],"class_list":["post-25882","post","type-post","status-publish","format-standard","has-post-thumbnail","hentry","category-minuto-a-minuto","category-zona-gris","tag-coordinadora-estudiantil-normalista-del-estado-de-oaxaca-ceneo"],"jetpack_featured_media_url":"https:\/\/zonaroja.com.mx\/wp-content\/uploads\/2021\/04\/Normalistas-Oaxaca-agreden-a-periodistas.jpg","jetpack_sharing_enabled":true,"_links":{"self":[{"href":"https:\/\/zonaroja.com.mx\/index.php?rest_route=\/wp\/v2\/posts\/25882","targetHints":{"allow":["GET"]}}],"collection":[{"href":"https:\/\/zonaroja.com.mx\/index.php?rest_route=\/wp\/v2\/posts"}],"about":[{"href":"https:\/\/zonaroja.com.mx\/index.php?rest_route=\/wp\/v2\/types\/post"}],"author":[{"embeddable":true,"href":"https:\/\/zonaroja.com.mx\/index.php?rest_route=\/wp\/v2\/users\/2"}],"replies":[{"embeddable":true,"href":"https:\/\/zonaroja.com.mx\/index.php?rest_route=%2Fwp%2Fv2%2Fcomments&post=25882"}],"version-history":[{"count":1,"href":"https:\/\/zonaroja.com.mx\/index.php?rest_route=\/wp\/v2\/posts\/25882\/revisions"}],"predecessor-version":[{"id":25884,"href":"https:\/\/zonaroja.com.mx\/index.php?rest_route=\/wp\/v2\/posts\/25882\/revisions\/25884"}],"wp:featuredmedia":[{"embeddable":true,"href":"https:\/\/zonaroja.com.mx\/index.php?rest_route=\/wp\/v2\/media\/25883"}],"wp:attachment":[{"href":"https:\/\/zonaroja.com.mx\/index.php?rest_route=%2Fwp%2Fv2%2Fmedia&parent=25882"}],"wp:term":[{"taxonomy":"category","embeddable":true,"href":"https:\/\/zonaroja.com.mx\/index.php?rest_route=%2Fwp%2Fv2%2Fcategories&post=25882"},{"taxonomy":"post_tag","embeddable":true,"href":"https:\/\/zonaroja.com.mx\/index.php?rest_route=%2Fwp%2Fv2%2Ftags&post=25882"}],"curies":[{"name":"wp","href":"https:\/\/api.w.org\/{rel}","templated":true}]}}