{"id":25885,"date":"2021-04-12T20:37:51","date_gmt":"2021-04-13T01:37:51","guid":{"rendered":"http:\/\/www.zonaroja.com.mx\/?p=25885"},"modified":"2021-04-12T20:37:59","modified_gmt":"2021-04-13T01:37:59","slug":"candidato-de-morena-en-santa-lucia-del-camino-una-decada-de-evadir-impuestos","status":"publish","type":"post","link":"https:\/\/zonaroja.com.mx\/?p=25885","title":{"rendered":"Candidato de Morena en Santa Luc\u00eda del Camino una d\u00e9cada de evadir impuestos"},"content":{"rendered":"\n<p>Redacci\u00f3n\/Zona Roja.<\/p>\n\n\n\n<p>Oaxaca de Ju\u00e1rez, Oax., 12 de abril de 2021.- El candidato a presidente municipal por el Partido Morena en Santa Luc\u00eda del Camino, Juan Carlos Garc\u00eda M\u00e1rquez, est\u00e1 por cumplir 10 a\u00f1os sin que pague un peso de impuestos, conforme a su Constancia de Situaci\u00f3n Fiscal de la Secretar\u00eda de Hacienda y Cr\u00e9dito P\u00fablico (SHCP) y el Servicio de Administraci\u00f3n Tributaria (SAT).<\/p>\n\n\n\n<p>En el documento emitido por la dependencia del Poder Ejecutivo federal, se\u00f1ala que el contribuyente con el RFC, GAMJ8108088Z7 se dio de alta el d\u00eda 10 de diciembre de 2001, pero a partir del 29 de diciembre de 2012 se encuentra bajo el estatus en el padr\u00f3n como \u201cSuspendido\u201d, lo que significa que a partir de ese d\u00eda se olvid\u00f3 de sus obligaciones fiscales.<\/p>\n\n\n\n<p>Con base a informaci\u00f3n publicada en el portal del SAT, el estatus de \u201cSuspendido\u201d se presenta cuando el contribuyente persona f\u00edsica, interrumpa todas sus actividades econ\u00f3micas que den lugar a la presentaci\u00f3n de declaraciones peri\u00f3dicas, siempre que no deba cumplir con otras obligaciones fiscales peri\u00f3dicas de pago, por s\u00ed mismo o por cuenta de terceros, supuesto en el cual proceder\u00eda, en su caso, el aviso de actualizaci\u00f3n de actividades econ\u00f3micas y obligaciones o apertura de la sucesi\u00f3n.<\/p>\n\n\n\n<p>Lo cual implica que Garc\u00eda M\u00e1rquez estuvo dado de alta para pagar impuestos, pero decidi\u00f3 suspender actividades al supuestamente dejar de contar con ingresos, situaci\u00f3n que ser\u00eda il\u00f3gica para una persona que cuenta con oficinas, autom\u00f3viles de modelo reciente, tiene a sus hijos estudiando en colegios privados, renta en San Felipe del Agua y tiene un equipo de trabajo mayor a 20 personas, quienes se dedican a realizarle publicidad.<\/p>\n\n\n\n<p>CONTRADICE A AMLO<\/p>\n\n\n\n<p>El Presidente de la Rep\u00fablica, Andr\u00e9s Manuel L\u00f3pez Obrador, se\u00f1al\u00f3 el combate a la corrupci\u00f3n como uno de sus principales ejes de gobierno durante estos tres a\u00f1os de su administraci\u00f3n, debido a que anualmente la evasi\u00f3n de impuestos, tiene un costo para el erario de 25 mil millones de d\u00f3lares al a\u00f1o en ingresos perdidos, sin embargo, un candidato de su partido recurre a estas pr\u00e1cticas.<\/p>\n\n\n\n<p>Adem\u00e1s, el presidente de la Asociaci\u00f3n Civil \u00abAlas en el Coraz\u00f3n\u00bb, tambi\u00e9n podr\u00eda enfrentar un problema con la Unidad de Inteligencia Financiera de la SHCP, debido a que su asociaci\u00f3n civil, carece de registro ante alg\u00fan organismo, tal como lo marca el oficio SIR-0205851, avalado por el Instituto de la Funci\u00f3n Registral del Estado de Oaxaca (IFREO).<\/p>\n\n\n\n<p>Cabe mencionar que el d\u00eda de ayer, el grupo de \u201cporros\u201d de Juan Carlos Garc\u00eda M\u00e1rquez agredi\u00f3 a ex simpatizantes de Morena que participaron en una reuni\u00f3n del Partido Revolucionario Institucional (PRI), justificando que anteriormente eran de su equipo de trabajo y lo traicionaron.<\/p>\n","protected":false},"excerpt":{"rendered":"<p>Redacci\u00f3n\/Zona Roja. Oaxaca de Ju\u00e1rez, Oax., 12 de abril de 2021.- El candidato a presidente&hellip;<\/p>\n","protected":false},"author":2,"featured_media":25886,"comment_status":"closed","ping_status":"open","sticky":false,"template":"","format":"standard","meta":{"_lmt_disableupdate":"","_lmt_disable":"","_jetpack_memberships_contains_paid_content":false,"footnotes":""},"categories":[109,47],"tags":[2533],"class_list":["post-25885","post","type-post","status-publish","format-standard","has-post-thumbnail","hentry","category-minuto-a-minuto","category-zona-gris","tag-juan-carlos-garcia-marquez"],"jetpack_featured_media_url":"https:\/\/zonaroja.com.mx\/wp-content\/uploads\/2021\/04\/Marquez-Garcia-Juan-Carlos.jpg","jetpack_sharing_enabled":true,"_links":{"self":[{"href":"https:\/\/zonaroja.com.mx\/index.php?rest_route=\/wp\/v2\/posts\/25885","targetHints":{"allow":["GET"]}}],"collection":[{"href":"https:\/\/zonaroja.com.mx\/index.php?rest_route=\/wp\/v2\/posts"}],"about":[{"href":"https:\/\/zonaroja.com.mx\/index.php?rest_route=\/wp\/v2\/types\/post"}],"author":[{"embeddable":true,"href":"https:\/\/zonaroja.com.mx\/index.php?rest_route=\/wp\/v2\/users\/2"}],"replies":[{"embeddable":true,"href":"https:\/\/zonaroja.com.mx\/index.php?rest_route=%2Fwp%2Fv2%2Fcomments&post=25885"}],"version-history":[{"count":1,"href":"https:\/\/zonaroja.com.mx\/index.php?rest_route=\/wp\/v2\/posts\/25885\/revisions"}],"predecessor-version":[{"id":25887,"href":"https:\/\/zonaroja.com.mx\/index.php?rest_route=\/wp\/v2\/posts\/25885\/revisions\/25887"}],"wp:featuredmedia":[{"embeddable":true,"href":"https:\/\/zonaroja.com.mx\/index.php?rest_route=\/wp\/v2\/media\/25886"}],"wp:attachment":[{"href":"https:\/\/zonaroja.com.mx\/index.php?rest_route=%2Fwp%2Fv2%2Fmedia&parent=25885"}],"wp:term":[{"taxonomy":"category","embeddable":true,"href":"https:\/\/zonaroja.com.mx\/index.php?rest_route=%2Fwp%2Fv2%2Fcategories&post=25885"},{"taxonomy":"post_tag","embeddable":true,"href":"https:\/\/zonaroja.com.mx\/index.php?rest_route=%2Fwp%2Fv2%2Ftags&post=25885"}],"curies":[{"name":"wp","href":"https:\/\/api.w.org\/{rel}","templated":true}]}}