{"id":25889,"date":"2021-04-12T21:36:36","date_gmt":"2021-04-13T02:36:36","guid":{"rendered":"http:\/\/www.zonaroja.com.mx\/?p=25889"},"modified":"2021-04-12T21:36:48","modified_gmt":"2021-04-13T02:36:48","slug":"condena-asociacion-de-periodistas-agresion-a-reporteros-de-oaxaca","status":"publish","type":"post","link":"https:\/\/zonaroja.com.mx\/?p=25889","title":{"rendered":"Condena Asociaci\u00f3n de Periodistas agresi\u00f3n a reporteros de Oaxaca"},"content":{"rendered":"\n<p>Redacci\u00f3n\/Zona Roja.<\/p>\n\n\n\n<p>Oaxaca de Ju\u00e1rez, Oax., 12 de abril de 2021.- La Asociaci\u00f3n de Periodistas de Oaxaca (APO) conden\u00f3 la agresi\u00f3n a reporteras y reporteros de la entidad, mientras cubr\u00edan manifestaciones y actos vand\u00e1licos de supuestos estudiantes de escuelas normales.<\/p>\n\n\n\n<p>Los hechos sucedieron poco despu\u00e9s de las 13:00 horas en la carretera federal 190, en el crucero de las antiguas oficinas del Instituto Estatal de Educaci\u00f3n P\u00fablica de Oaxaca (IEEPO), jurisdicci\u00f3n de Santa Luc\u00eda del Camino.<\/p>\n\n\n\n<p>Las y los periodistas daban cobertura a hechos vand\u00e1licos en el interior de ese inmueble, cuando fueron retirados por la fuerza por j\u00f3venes embozados; al reclamar sus derechos, los periodistas fueron agredidos con palos, piedras, martillo, varillas y a golpes.<\/p>\n\n\n\n<p>Tras ello, los acorralaron a unos 300 metros del lugar de los hechos y les impidieron grabar m\u00e1s testimonios; tambi\u00e9n da\u00f1aron equipos de trabajo.<\/p>\n\n\n\n<p>\u201cEl derecho a la libertad de prensa y derecho a la informaci\u00f3n no pueden ni deben ser socavadas por grupos de manifestantes que, en aras de exigir sus derechos, trastocan las garant\u00edas individuales y violentan a compa\u00f1eros y compa\u00f1eras periodistas\u201d, expuso la APO en un comunicado.<\/p>\n\n\n\n<p>A\u00f1adi\u00f3 que ante la intimidaci\u00f3n y agresi\u00f3n &#8211;por parte de presuntos estudiantes normalistas&#8211; a integrantes del gremio period\u00edstico, se exige al Poder Ejecutivo federal y estatal otorguen seguridad para reporteras y reporteros del estado de Oaxaca.<\/p>\n\n\n\n<p>\u201cQue la permisibilidad de actos vand\u00e1licos &#8211;amparados en sedicente lucha por sus derechos&#8211; no sea pauta para que, de manera cotidiana, se agreda a representantes de la prensa oaxaque\u00f1a\u201d, manifest\u00f3.<\/p>\n\n\n\n<p>Demand\u00f3 la intervenci\u00f3n directa e inmediata de las instancias correspondientes para que sancionen los hechos y castiguen a quienes resulten responsables de tales acciones.<\/p>\n","protected":false},"excerpt":{"rendered":"<p>Redacci\u00f3n\/Zona Roja. Oaxaca de Ju\u00e1rez, Oax., 12 de abril de 2021.- La Asociaci\u00f3n de Periodistas&hellip;<\/p>\n","protected":false},"author":2,"featured_media":25890,"comment_status":"closed","ping_status":"open","sticky":false,"template":"","format":"standard","meta":{"_lmt_disableupdate":"","_lmt_disable":"","_jetpack_memberships_contains_paid_content":false,"footnotes":""},"categories":[109,47],"tags":[1041],"class_list":["post-25889","post","type-post","status-publish","format-standard","has-post-thumbnail","hentry","category-minuto-a-minuto","category-zona-gris","tag-asociacion-de-periodistas-de-oaxaca-apo"],"jetpack_featured_media_url":"https:\/\/zonaroja.com.mx\/wp-content\/uploads\/2021\/04\/Agresion-normalistas-y-periodistas.jpg","jetpack_sharing_enabled":true,"_links":{"self":[{"href":"https:\/\/zonaroja.com.mx\/index.php?rest_route=\/wp\/v2\/posts\/25889","targetHints":{"allow":["GET"]}}],"collection":[{"href":"https:\/\/zonaroja.com.mx\/index.php?rest_route=\/wp\/v2\/posts"}],"about":[{"href":"https:\/\/zonaroja.com.mx\/index.php?rest_route=\/wp\/v2\/types\/post"}],"author":[{"embeddable":true,"href":"https:\/\/zonaroja.com.mx\/index.php?rest_route=\/wp\/v2\/users\/2"}],"replies":[{"embeddable":true,"href":"https:\/\/zonaroja.com.mx\/index.php?rest_route=%2Fwp%2Fv2%2Fcomments&post=25889"}],"version-history":[{"count":1,"href":"https:\/\/zonaroja.com.mx\/index.php?rest_route=\/wp\/v2\/posts\/25889\/revisions"}],"predecessor-version":[{"id":25891,"href":"https:\/\/zonaroja.com.mx\/index.php?rest_route=\/wp\/v2\/posts\/25889\/revisions\/25891"}],"wp:featuredmedia":[{"embeddable":true,"href":"https:\/\/zonaroja.com.mx\/index.php?rest_route=\/wp\/v2\/media\/25890"}],"wp:attachment":[{"href":"https:\/\/zonaroja.com.mx\/index.php?rest_route=%2Fwp%2Fv2%2Fmedia&parent=25889"}],"wp:term":[{"taxonomy":"category","embeddable":true,"href":"https:\/\/zonaroja.com.mx\/index.php?rest_route=%2Fwp%2Fv2%2Fcategories&post=25889"},{"taxonomy":"post_tag","embeddable":true,"href":"https:\/\/zonaroja.com.mx\/index.php?rest_route=%2Fwp%2Fv2%2Ftags&post=25889"}],"curies":[{"name":"wp","href":"https:\/\/api.w.org\/{rel}","templated":true}]}}