{"id":25892,"date":"2021-04-12T22:16:46","date_gmt":"2021-04-13T03:16:46","guid":{"rendered":"http:\/\/www.zonaroja.com.mx\/?p=25892"},"modified":"2021-04-12T22:16:55","modified_gmt":"2021-04-13T03:16:55","slug":"oaxaca-incontrolable-seis-manifestaciones-en-semaforo-verde","status":"publish","type":"post","link":"https:\/\/zonaroja.com.mx\/?p=25892","title":{"rendered":"Oaxaca incontrolable: seis manifestaciones en sem\u00e1foro verde"},"content":{"rendered":"\n<p>Yuridiana Sosa\/Zona Roja.<\/p>\n\n\n\n<p>Oaxaca de Ju\u00e1rez, Oax., 12 de abril de 2021.- A la par de la entrada del sem\u00e1foro verde ante el Covid-19, en Oaxaca se liberaron las manifestaciones en la entidad, con marchas, bloqueos carreteros y \u201ctoma\u201d de oficinas en la regi\u00f3n de Valles Centrales e Istmo.<\/p>\n\n\n\n<p>Fueron al menos seis protestas las que se registraron en la capital oaxaque\u00f1a, zona conurbada y el Istmo de Tehuantepec, por parte de distintos grupos, desde organizaciones sociales, sindicatos de trabajadores de educaci\u00f3n y salud, hasta normalistas que rayaron en la violencia.<\/p>\n\n\n\n<p>DE SALUD<\/p>\n\n\n\n<p>Las protestas contra el titular de los Servicios de Salud de Oaxaca (SSO), Juan Carlos M\u00e1rquez Heine, volvieron una vez m\u00e1s por parte del Sindicato Independiente de Trabajadores del Sector Salud, quienes se manifestaron en las oficinas administrativas en la colonia Reforma.<\/p>\n\n\n\n<p>Los integrantes del programa U013 reiteraron la demanda de la recontrataci\u00f3n y el pago de sus quincenas trabajadas. Despu\u00e9s de su protesta, marcharon de la fuente de las Ocho regiones al z\u00f3calo de la capital.<\/p>\n\n\n\n<p>Por otra parte, integrantes del Sindicato Nacional Libre de los Trabajadores del Seguro Social, Secci\u00f3n Oaxaca, se manifestaron para denunciar el robo de medicamentos en farmacia del Hospital General de Zona 1 del IMSS, quienes ante las anteriores denuncian han recibido hasta amenazas de muerte.<\/p>\n\n\n\n<p>TEMA EDUCATIVO<\/p>\n\n\n\n<p>A las protestas contra autoridades del gobierno del estado se uni\u00f3 el Sindicato \u00danico de Trabajadores de Telebachilleratos Comunitarios de Oaxaca (STTCEO), quienes \u201ctomaron\u201d las oficinas de Coordinaci\u00f3n de Educaci\u00f3n Media Superior en la capital del estado.<\/p>\n\n\n\n<p>Los trabajadores del nivel media superior demandaron la destituci\u00f3n de Jes\u00fas Madrid Jim\u00e9nez como director General del Telebachillerato Comunitario del Estado de Oaxaca por violentar sus derechos laborales, se\u00f1alaron.<\/p>\n\n\n\n<p>Tambi\u00e9n exigieron el pago correspondiente al incremento salarial en el contrato colectivo de 2020 y que asciende a m\u00e1s de un mill\u00f3n 300 mil pesos.<\/p>\n\n\n\n<p>ORGANIZACIONES SOCIALES<\/p>\n\n\n\n<p>Las organizaciones desquiciaron la capital y la regi\u00f3n del Istmo, donde realizaron bloqueos y marchas.<\/p>\n\n\n\n<p>Agremiados a la organizaci\u00f3n Uni\u00f3n de Comunidades Ind\u00edgenas de la Zona Norte del Istmo (UCIZONI ) se apoderaron de las oficinas de la Comisi\u00f3n Federal de Electricidad (CFE) en Mat\u00edas Romero.<\/p>\n\n\n\n<p>Mientras que la organizaci\u00f3n \u201cSol Rojo\u201d realiz\u00f3 m\u00faltiples movilizaciones en ambas regiones de la entidad para exigir al gobierno del estado, en materia de justicia social y penal, la atenci\u00f3n a sus demandas. Realiz\u00f3 marchas en Salina Cruz y en Oaxaca de Ju\u00e1rez.<\/p>\n\n\n\n<p>En el Istmo se registraron bloqueos en el Puente de Fierro sobre la carretera 185 Trans\u00edstmica; en carretera panamericana del tramo Tehuantepec &#8211; Jalapa del Marqu\u00e9s, a la altura del puente Caracol; en Juchit\u00e1n, a la altura del crucero de la ciudad; en el tramo Palomares &#8211; Acayucan, en inmediaciones de la poblaci\u00f3n de Donaji.<\/p>\n\n\n\n<p>En la capital del estado marcharon de la fuente de las Ocho Regiones al z\u00f3calo, instalaron un bloqueo sobre la carretera federal 190, en el crucero con la calzada Porfirio D\u00edaz y calzada de Chapultepec y frente a Casa Oficial, en la avenida Ju\u00e1rez, en el Centro Hist\u00f3rico.<\/p>\n\n\n\n<p>Y NORMALISTAS<\/p>\n\n\n\n<p>Los estudiantes de las normales de Oaxaca tambi\u00e9n realizaron un bloqueo en la carretera internacional 190, frente a las antiguas oficinas del Instituto Estatal de Educaci\u00f3n P\u00fablica de Oaxaca.<\/p>\n\n\n\n<p>Realizaron la retenci\u00f3n de unidades del transporte urbano y camiones repartidores de empresas como Coca Cola, Sabritas, Nestl\u00e9, Barcel, entre otros, los cuales saquearon y despu\u00e9s regalaron algunos productos, adem\u00e1s de golpear a periodistas y vandalizar un inmueble.<\/p>\n","protected":false},"excerpt":{"rendered":"<p>Yuridiana Sosa\/Zona Roja. Oaxaca de Ju\u00e1rez, Oax., 12 de abril de 2021.- A la par&hellip;<\/p>\n","protected":false},"author":2,"featured_media":25893,"comment_status":"closed","ping_status":"open","sticky":false,"template":"","format":"standard","meta":{"_lmt_disableupdate":"","_lmt_disable":"","_jetpack_memberships_contains_paid_content":false,"footnotes":""},"categories":[109,47],"tags":[518],"class_list":["post-25892","post","type-post","status-publish","format-standard","has-post-thumbnail","hentry","category-minuto-a-minuto","category-zona-gris","tag-protestas-oaxaca"],"jetpack_featured_media_url":"https:\/\/zonaroja.com.mx\/wp-content\/uploads\/2021\/04\/Protestas-Sol-Rojo.jpg","jetpack_sharing_enabled":true,"_links":{"self":[{"href":"https:\/\/zonaroja.com.mx\/index.php?rest_route=\/wp\/v2\/posts\/25892","targetHints":{"allow":["GET"]}}],"collection":[{"href":"https:\/\/zonaroja.com.mx\/index.php?rest_route=\/wp\/v2\/posts"}],"about":[{"href":"https:\/\/zonaroja.com.mx\/index.php?rest_route=\/wp\/v2\/types\/post"}],"author":[{"embeddable":true,"href":"https:\/\/zonaroja.com.mx\/index.php?rest_route=\/wp\/v2\/users\/2"}],"replies":[{"embeddable":true,"href":"https:\/\/zonaroja.com.mx\/index.php?rest_route=%2Fwp%2Fv2%2Fcomments&post=25892"}],"version-history":[{"count":1,"href":"https:\/\/zonaroja.com.mx\/index.php?rest_route=\/wp\/v2\/posts\/25892\/revisions"}],"predecessor-version":[{"id":25894,"href":"https:\/\/zonaroja.com.mx\/index.php?rest_route=\/wp\/v2\/posts\/25892\/revisions\/25894"}],"wp:featuredmedia":[{"embeddable":true,"href":"https:\/\/zonaroja.com.mx\/index.php?rest_route=\/wp\/v2\/media\/25893"}],"wp:attachment":[{"href":"https:\/\/zonaroja.com.mx\/index.php?rest_route=%2Fwp%2Fv2%2Fmedia&parent=25892"}],"wp:term":[{"taxonomy":"category","embeddable":true,"href":"https:\/\/zonaroja.com.mx\/index.php?rest_route=%2Fwp%2Fv2%2Fcategories&post=25892"},{"taxonomy":"post_tag","embeddable":true,"href":"https:\/\/zonaroja.com.mx\/index.php?rest_route=%2Fwp%2Fv2%2Ftags&post=25892"}],"curies":[{"name":"wp","href":"https:\/\/api.w.org\/{rel}","templated":true}]}}