{"id":25898,"date":"2021-04-13T07:39:33","date_gmt":"2021-04-13T12:39:33","guid":{"rendered":"http:\/\/www.zonaroja.com.mx\/?p=25898"},"modified":"2021-04-13T07:40:05","modified_gmt":"2021-04-13T12:40:05","slug":"regreso-a-las-aulas-solo-sera-con-consenso-de-la-comunidad-y-el-magisterio-gobierno","status":"publish","type":"post","link":"https:\/\/zonaroja.com.mx\/?p=25898","title":{"rendered":"Regreso a las aulas s\u00f3lo ser\u00e1 con consenso de la comunidad y el magisterio: gobierno"},"content":{"rendered":"\n<p>Redacci\u00f3n\/Zona Roja.<\/p>\n\n\n\n<p>Oaxaca de Ju\u00e1rez, Oax. 13 de abril de 2021.- En Oaxaca el regreso presencial a clases en educaci\u00f3n b\u00e1sica ser\u00e1 en consenso con el magisterio, madres, padres de familia, tutores y autoridades municipales de la entidad, es decir, tomando en cuenta a todos los actores educativos.<\/p>\n\n\n\n<p>As\u00ed lo dio a conocer el Gobierno del Estado a trav\u00e9s de un comunicado, en que destac\u00f3 que aun cuando el Consejo de Salubridad General, haya otorgado sem\u00e1foro epidemiol\u00f3gico color verde al estado del 12 al 25 de abril, las actividades escolares continuar\u00e1n a distancia.<\/p>\n\n\n\n<p>En esta modalidad reinician las actividades este martes 13 de abril, al concluir el periodo vacacional de primavera y se haya realizado la sexta sesi\u00f3n del Consejo T\u00e9cnico Escolar (CTE) programada el lunes 12.<\/p>\n\n\n\n<p>Por parte de la autoridad educativa estatal, el proceso a seguir es llevar a cabo las valoraciones pertinentes en conjunto con las autoridades sanitarias y exista la plena seguridad de que no se corren riesgos en la salud tanto de las y los alumnos, como de las comunidades educativas en general; por lo que se hace un llamado a la prudencia y a continuar en todo momento las medidas de mitigaci\u00f3n.<\/p>\n\n\n\n<p>La autoridad educativa en la entidad, a trav\u00e9s del Instituto Estatal de Educaci\u00f3n P\u00fablica de Oaxaca, reitera que en estos momentos la prioridad es proteger la salud y la vida de escolares, del personal educativo y sus familias.<\/p>\n","protected":false},"excerpt":{"rendered":"<p>Redacci\u00f3n\/Zona Roja. Oaxaca de Ju\u00e1rez, Oax. 13 de abril de 2021.- En Oaxaca el regreso&hellip;<\/p>\n","protected":false},"author":2,"featured_media":4471,"comment_status":"closed","ping_status":"open","sticky":false,"template":"","format":"standard","meta":{"_lmt_disableupdate":"","_lmt_disable":"","_jetpack_memberships_contains_paid_content":false,"footnotes":""},"categories":[109,46],"tags":[599],"class_list":["post-25898","post","type-post","status-publish","format-standard","has-post-thumbnail","hentry","category-minuto-a-minuto","category-zona-blanca","tag-instituto-estatal-de-educacion-publica-de-oaxaca"],"jetpack_featured_media_url":"https:\/\/zonaroja.com.mx\/wp-content\/uploads\/2019\/10\/Sal\u00f3n-de-clases.jpg","jetpack_sharing_enabled":true,"_links":{"self":[{"href":"https:\/\/zonaroja.com.mx\/index.php?rest_route=\/wp\/v2\/posts\/25898","targetHints":{"allow":["GET"]}}],"collection":[{"href":"https:\/\/zonaroja.com.mx\/index.php?rest_route=\/wp\/v2\/posts"}],"about":[{"href":"https:\/\/zonaroja.com.mx\/index.php?rest_route=\/wp\/v2\/types\/post"}],"author":[{"embeddable":true,"href":"https:\/\/zonaroja.com.mx\/index.php?rest_route=\/wp\/v2\/users\/2"}],"replies":[{"embeddable":true,"href":"https:\/\/zonaroja.com.mx\/index.php?rest_route=%2Fwp%2Fv2%2Fcomments&post=25898"}],"version-history":[{"count":2,"href":"https:\/\/zonaroja.com.mx\/index.php?rest_route=\/wp\/v2\/posts\/25898\/revisions"}],"predecessor-version":[{"id":25900,"href":"https:\/\/zonaroja.com.mx\/index.php?rest_route=\/wp\/v2\/posts\/25898\/revisions\/25900"}],"wp:featuredmedia":[{"embeddable":true,"href":"https:\/\/zonaroja.com.mx\/index.php?rest_route=\/wp\/v2\/media\/4471"}],"wp:attachment":[{"href":"https:\/\/zonaroja.com.mx\/index.php?rest_route=%2Fwp%2Fv2%2Fmedia&parent=25898"}],"wp:term":[{"taxonomy":"category","embeddable":true,"href":"https:\/\/zonaroja.com.mx\/index.php?rest_route=%2Fwp%2Fv2%2Fcategories&post=25898"},{"taxonomy":"post_tag","embeddable":true,"href":"https:\/\/zonaroja.com.mx\/index.php?rest_route=%2Fwp%2Fv2%2Ftags&post=25898"}],"curies":[{"name":"wp","href":"https:\/\/api.w.org\/{rel}","templated":true}]}}