{"id":25905,"date":"2021-04-13T08:05:45","date_gmt":"2021-04-13T13:05:45","guid":{"rendered":"http:\/\/www.zonaroja.com.mx\/?p=25905"},"modified":"2021-04-13T08:05:49","modified_gmt":"2021-04-13T13:05:49","slug":"acumula-oaxaca-en-seis-anos-273-expedientes-de-agresiones-a-periodistas","status":"publish","type":"post","link":"https:\/\/zonaroja.com.mx\/?p=25905","title":{"rendered":"Acumula Oaxaca en seis a\u00f1os 273 expedientes de agresiones a periodistas"},"content":{"rendered":"\n<p>Redacci\u00f3n\/Zona Roja.<\/p>\n\n\n\n<p>Oaxaca de Ju\u00e1rez, Oax., 13 de abril de 2021.- La Defensor\u00eda de los Derechos Humanos del Pueblo de Oaxaca (DDHPO) conden\u00f3 los hechos de violencia cometidos por parte de manifestantes contra un grupo de periodistas, quienes cubr\u00edan informaci\u00f3n respecto a una movilizaci\u00f3n en inmediaciones de la carretera federal 190.<\/p>\n\n\n\n<p>Para el organismo aut\u00f3nomo el ejercicio period\u00edstico es una labor fundamental para la construcci\u00f3n de sociedades democr\u00e1ticas, ya que al hacer p\u00fablicas las exigencias y demandas ciudadanas, se construyen los cambios sociales que los pueblos requieren.<\/p>\n\n\n\n<p>Ante lo cual, se\u00f1al\u00f3 que las agresiones contra las y los comunicadores no \u00fanicamente da\u00f1an a los propios reporteros, sino a toda la sociedad que se informa a trav\u00e9s de las distintas plataformas.<\/p>\n\n\n\n<p>La Defensor\u00eda de los Derechos Humanos resalt\u00f3 que, de 2015 a abril de 2021, ha iniciado 273 expedientes relacionados con agresiones contra periodistas, siendo los derechos m\u00e1s violentados el derecho a la libertad de expresi\u00f3n, prensa y opini\u00f3n; el derecho a la legalidad; el derecho de igualdad ante la ley y no discriminaci\u00f3n y el derecho a la seguridad jur\u00eddica.<\/p>\n\n\n\n<p>Y reiter\u00f3 la importancia de la labor period\u00edstica y el respeto que debe existir por la misma, no solo por parte de las autoridades, sino de todos los sectores sociales, pues es una responsabilidad de todas las personas reconocer la importancia de su labor para nuestras sociedades.<\/p>\n\n\n\n<p>Por ello, el organismo hace un llamado a las autoridades de los diferentes niveles de gobierno a garantizar la seguridad de las personas periodistas y reconocer la importancia social de su ejercicio y su relevancia en contextos complejos y emergentes como el que ahora vivimos,&nbsp; pues es gracias al flujo de informaci\u00f3n fidedigna, \u00fatil, objetiva y oportuna como las sociedades pueden tomar las mejores decisiones para la protecci\u00f3n de sus derechos.<\/p>\n\n\n\n<p>As\u00ed tambi\u00e9n, sostuvo que resulta fundamental que las autoridades competentes atiendan los reclamos de los distintos grupos y sectores que se manifiestan en la entidad, mediante el di\u00e1logo y anteponiendo la resoluci\u00f3n pac\u00edfica de los mismos.<\/p>\n\n\n\n<p>Sin embargo, el \u00f3rgano aut\u00f3nomo se\u00f1al\u00f3 que no se puede exigir un derecho o una serie de derechos, violentando los derechos de otra u otras personas, m\u00e1xime cuando el periodismo es concebido como la manifestaci\u00f3n primaria y principal de la libertad de expresi\u00f3n del pensamiento.<\/p>\n\n\n\n<p>Y es que mientras est\u00e9 garantizado el acceso a la informaci\u00f3n y la libertad de expresi\u00f3n, la sociedad puede tomar decisiones que promueven su desarrollo, por lo que la DDHPO refrenda el compromiso de atender los casos de agresiones a periodistas y pugnar por la protecci\u00f3n de las y los comunicadores.<\/p>\n","protected":false},"excerpt":{"rendered":"<p>Redacci\u00f3n\/Zona Roja. Oaxaca de Ju\u00e1rez, Oax., 13 de abril de 2021.- La Defensor\u00eda de los&hellip;<\/p>\n","protected":false},"author":2,"featured_media":25906,"comment_status":"closed","ping_status":"open","sticky":false,"template":"","format":"standard","meta":{"_lmt_disableupdate":"","_lmt_disable":"","_jetpack_memberships_contains_paid_content":false,"footnotes":""},"categories":[109,47],"tags":[286],"class_list":["post-25905","post","type-post","status-publish","format-standard","has-post-thumbnail","hentry","category-minuto-a-minuto","category-zona-gris","tag-defensoria-de-los-derechos-humanos-del-pueblo-de-oaxaca"],"jetpack_featured_media_url":"https:\/\/zonaroja.com.mx\/wp-content\/uploads\/2021\/04\/Normalistas-agresion-a-periodistas-Oaxaca.jpg","jetpack_sharing_enabled":true,"_links":{"self":[{"href":"https:\/\/zonaroja.com.mx\/index.php?rest_route=\/wp\/v2\/posts\/25905","targetHints":{"allow":["GET"]}}],"collection":[{"href":"https:\/\/zonaroja.com.mx\/index.php?rest_route=\/wp\/v2\/posts"}],"about":[{"href":"https:\/\/zonaroja.com.mx\/index.php?rest_route=\/wp\/v2\/types\/post"}],"author":[{"embeddable":true,"href":"https:\/\/zonaroja.com.mx\/index.php?rest_route=\/wp\/v2\/users\/2"}],"replies":[{"embeddable":true,"href":"https:\/\/zonaroja.com.mx\/index.php?rest_route=%2Fwp%2Fv2%2Fcomments&post=25905"}],"version-history":[{"count":1,"href":"https:\/\/zonaroja.com.mx\/index.php?rest_route=\/wp\/v2\/posts\/25905\/revisions"}],"predecessor-version":[{"id":25907,"href":"https:\/\/zonaroja.com.mx\/index.php?rest_route=\/wp\/v2\/posts\/25905\/revisions\/25907"}],"wp:featuredmedia":[{"embeddable":true,"href":"https:\/\/zonaroja.com.mx\/index.php?rest_route=\/wp\/v2\/media\/25906"}],"wp:attachment":[{"href":"https:\/\/zonaroja.com.mx\/index.php?rest_route=%2Fwp%2Fv2%2Fmedia&parent=25905"}],"wp:term":[{"taxonomy":"category","embeddable":true,"href":"https:\/\/zonaroja.com.mx\/index.php?rest_route=%2Fwp%2Fv2%2Fcategories&post=25905"},{"taxonomy":"post_tag","embeddable":true,"href":"https:\/\/zonaroja.com.mx\/index.php?rest_route=%2Fwp%2Fv2%2Ftags&post=25905"}],"curies":[{"name":"wp","href":"https:\/\/api.w.org\/{rel}","templated":true}]}}