{"id":25911,"date":"2021-04-13T10:06:23","date_gmt":"2021-04-13T15:06:23","guid":{"rendered":"http:\/\/www.zonaroja.com.mx\/?p=25911"},"modified":"2021-04-13T10:06:28","modified_gmt":"2021-04-13T15:06:28","slug":"acusan-trafico-de-influencias-en-perjuicio-de-una-mujer-en-instancias-de-justicia-de-oaxaca","status":"publish","type":"post","link":"https:\/\/zonaroja.com.mx\/?p=25911","title":{"rendered":"Acusan tr\u00e1fico de influencias, en perjuicio de una mujer, en instancias de justicia de Oaxaca"},"content":{"rendered":"\n<p>Evlin Arag\u00f3n\/Zona Roja.<\/p>\n\n\n\n<p>Oaxaca de Ju\u00e1rez, Oax., 13 de abril de 2021.- Saura \u00c1gueda Arrellanes Ramos denunci\u00f3 el tr\u00e1fico de influencias en \u00e1reas de impartici\u00f3n y procuraci\u00f3n de justicia, al tratar de ser despojada en reiteradas ocasiones de propiedades ubicadas en el Centro Hist\u00f3rico de la ciudad de Oaxaca y en el municipio de San Sebasti\u00e1n, Etla, desde el 2010.&nbsp;<\/p>\n\n\n\n<p>Lo anterior en una acci\u00f3n manipulada por un supuesto ex magistrado de nombre Roberto Euro Garc\u00eda P\u00e9rez, en contubernio con el abogado Pedro Celestino Guzm\u00e1n Rodr\u00edguez, actual director de la Escuela de Capacitaci\u00f3n Judicial del Tribunal Superior de Justicia del Estado, as\u00ed como  Mar\u00eda de la Luz Pinacho Candelaria.\u00a0<\/p>\n\n\n\n<p>As\u00ed lo expuso Saura \u00c1gueda, en compa\u00f1\u00eda de sus abogados, quien relat\u00f3 que las propiedades les fueron heredadas, algunas incluso las adquiri\u00f3 mediante compra-venta, en acuerdo con la familia que, siendo muy peque\u00f1a, la adopt\u00f3 y con la que vivi\u00f3 durante toda su vida.<\/p>\n\n\n\n<p>Sin embargo, Roberto Euro se present\u00f3 como familiar leg\u00edtimo de Rafael \u00c1ngel P\u00e9rez Torres y Mar\u00eda Soledad Torres Vargas, due\u00f1os del patrimonio antes citado, quien, asumi\u00e9ndose como ex magistrado de alg\u00fan estado de la Rep\u00fablica, se ali\u00f3 con abogados y funcionarios del TSJE para despojarla de los bienes.&nbsp;<\/p>\n\n\n\n<p>\u201cRoberto Euro jam\u00e1s tuvo relaci\u00f3n ni profesional ni familiar con la familia P\u00e9rez Torres, de ah\u00ed el desconocimiento por completo de la relaci\u00f3n y afecto que hab\u00eda entre nosotros\u201d relato la mujer.<\/p>\n\n\n\n<p>De acuerdo con la mujer no solo fue sacada por la fuerza de su vivienda, sino tambi\u00e9n fue se\u00f1alada por despojo y procesada ante las autoridades de procuraci\u00f3n de justicia, por lo que tuvo que recurrir al Tribunal Colegiado en Materia Penal y Administrativa que, bajo el Amparo Directo 185\/2014, la dej\u00f3 en absoluta libertad.<\/p>\n\n\n\n<p>\u201cPor el tr\u00e1fico de influencias de Pedro Celestino Guzm\u00e1n Rodr\u00edguez, se me dict\u00f3 auto de formal prisi\u00f3n y se me sentenci\u00f3 en primera y segunda instancia; sin embargo, se acredit\u00f3 que nunca existi\u00f3 el despojo, ya que el mismo Roberto Euro declar\u00f3 que la suscrita habitaba el domicilio desde antes de la fecha que acusaba\u201d, explic\u00f3.\u00a0<\/p>\n\n\n\n<figure class=\"wp-block-embed-twitter wp-block-embed is-type-rich is-provider-twitter\"><div class=\"wp-block-embed__wrapper\">\n<div class=\"twitter-tweet\"><blockquote class=\"twitter-tweet\" data-lang=\"es\"><p lang=\"es\" dir=\"ltr\">Este lunes, la se\u00f1ora Saura \u00c1gueda Arellanes denunci\u00f3 amenazas y tr\u00e1fico de influencias por personal de la <a href=\"https:\/\/twitter.com\/FISCALIA_GobOax?ref_src=twsrc%5Etfw\">@FISCALIA_GobOax<\/a> y del Tribunal Superior de Justicia, para despojarle de un predio en la ciudad de Oaxaca. <a href=\"https:\/\/t.co\/J3S3SNPHsv\">pic.twitter.com\/J3S3SNPHsv<\/a><\/p>&mdash; Zona Roja Oaxaca (@Zona_Roja_Oax) <a href=\"https:\/\/twitter.com\/Zona_Roja_Oax\/status\/1381978793141764100?ref_src=twsrc%5Etfw\">13 de abril de 2021<\/a><\/blockquote><\/div>\n<\/div><\/figure>\n\n\n\n<p>El asedio en contra de Saura no termin\u00f3 ah\u00ed y por el contrario un a\u00f1o despu\u00e9s fue acusada de falsificaci\u00f3n de documento, uso de documento falso, fraude espec\u00edfico, tentativa de despojo agravado, robo y dem\u00e1s que llegara a configurarse, alegando que la mujer o sus hijos hab\u00edan manipulado documentos para apoderarse de las propiedades, de lo cual tambi\u00e9n fue declarada inocente.&nbsp;<\/p>\n\n\n\n<p>De ah\u00ed le han seguido una serie de averiguaciones previas, incluso el cambio reciente del perito para que interviniera en las carpetas de investigaci\u00f3n en las que ya hubo una resoluci\u00f3n previa en la que se argumentaba que las firmas de compra-venta de los bienes eran leg\u00edtimas y no hab\u00eda delito que perseguir.&nbsp;<\/p>\n\n\n\n<p>Actualmente, Roberto Euro y Pedro Celestino cuentan con el apoyo de Mar\u00eda de la Luz Pinacho Candelaria,  y de otros funcionarios de la Fiscal\u00eda General del Estado de Oaxaca.<\/p>\n\n\n\n<p>A lo anterior se suman una serie de amenazas y hostigamientos para desistir a su patrimonio, por lo cual denuncian p\u00fablicamente los hechos y responsabilizan a Roberto Euro Garc\u00eda P\u00e9rez y a Pedro Celestino Guzm\u00e1n Rodr\u00edguez de todo lo que les pueda suceder ante la ambici\u00f3n que demuestran para obtener algo que no les pertenece, con el uso de influencias en el aparato de justicia de Gobierno del estado.<\/p>\n\n\n\n<p>Por ello, solicit\u00f3 la intervenci\u00f3n del gobernador de Oaxaca, Alejandro Murat Hinojosa, as\u00ed como del fiscal, Arturo Peimbert Calvo, a fin de terminar de una vez por todas con una injusticia que lleva cometi\u00e9ndose m\u00e1s de diez a\u00f1os.&nbsp;<\/p>\n\n\n\n<p>Las propiedades en pugna son: un terreno que es la Segunda Fracci\u00f3n del Cerezo y El Naranjo, ubicados en San Sebasti\u00e1n, Etla; propiedades ubicadas en la calle Guerrero equina con Xicot\u00e9ncatl y las dos fracciones de la casa de Col\u00f3n y Melchor Ocampo; as\u00ed como una vivienda ubicada en la avenida Independencia.&nbsp;<\/p>\n","protected":false},"excerpt":{"rendered":"<p>Evlin Arag\u00f3n\/Zona Roja. Oaxaca de Ju\u00e1rez, Oax., 13 de abril de 2021.- Saura \u00c1gueda Arrellanes&hellip;<\/p>\n","protected":false},"author":2,"featured_media":25912,"comment_status":"closed","ping_status":"open","sticky":false,"template":"","format":"standard","meta":{"_lmt_disableupdate":"","_lmt_disable":"","_jetpack_memberships_contains_paid_content":false,"footnotes":""},"categories":[109,47],"tags":[2601],"class_list":["post-25911","post","type-post","status-publish","format-standard","has-post-thumbnail","hentry","category-minuto-a-minuto","category-zona-gris","tag-saura-agueda-arellanes-ramos"],"jetpack_featured_media_url":"https:\/\/zonaroja.com.mx\/wp-content\/uploads\/2021\/04\/Denuncia-despojo-de-predio-centro-ciudad.jpg","jetpack_sharing_enabled":true,"_links":{"self":[{"href":"https:\/\/zonaroja.com.mx\/index.php?rest_route=\/wp\/v2\/posts\/25911","targetHints":{"allow":["GET"]}}],"collection":[{"href":"https:\/\/zonaroja.com.mx\/index.php?rest_route=\/wp\/v2\/posts"}],"about":[{"href":"https:\/\/zonaroja.com.mx\/index.php?rest_route=\/wp\/v2\/types\/post"}],"author":[{"embeddable":true,"href":"https:\/\/zonaroja.com.mx\/index.php?rest_route=\/wp\/v2\/users\/2"}],"replies":[{"embeddable":true,"href":"https:\/\/zonaroja.com.mx\/index.php?rest_route=%2Fwp%2Fv2%2Fcomments&post=25911"}],"version-history":[{"count":1,"href":"https:\/\/zonaroja.com.mx\/index.php?rest_route=\/wp\/v2\/posts\/25911\/revisions"}],"predecessor-version":[{"id":25913,"href":"https:\/\/zonaroja.com.mx\/index.php?rest_route=\/wp\/v2\/posts\/25911\/revisions\/25913"}],"wp:featuredmedia":[{"embeddable":true,"href":"https:\/\/zonaroja.com.mx\/index.php?rest_route=\/wp\/v2\/media\/25912"}],"wp:attachment":[{"href":"https:\/\/zonaroja.com.mx\/index.php?rest_route=%2Fwp%2Fv2%2Fmedia&parent=25911"}],"wp:term":[{"taxonomy":"category","embeddable":true,"href":"https:\/\/zonaroja.com.mx\/index.php?rest_route=%2Fwp%2Fv2%2Fcategories&post=25911"},{"taxonomy":"post_tag","embeddable":true,"href":"https:\/\/zonaroja.com.mx\/index.php?rest_route=%2Fwp%2Fv2%2Ftags&post=25911"}],"curies":[{"name":"wp","href":"https:\/\/api.w.org\/{rel}","templated":true}]}}