{"id":25914,"date":"2021-04-13T10:21:34","date_gmt":"2021-04-13T15:21:34","guid":{"rendered":"http:\/\/www.zonaroja.com.mx\/?p=25914"},"modified":"2021-04-13T20:55:35","modified_gmt":"2021-04-14T01:55:35","slug":"ser-enterrado-con-cartas-y-mortajas-el-deseo-del-artista-y-escritor-oaxaqueno-asesinado","status":"publish","type":"post","link":"https:\/\/zonaroja.com.mx\/?p=25914","title":{"rendered":"Ser enterrado con cartas y mortajas, el deseo del artista y escritor oaxaque\u00f1o asesinado"},"content":{"rendered":"\n<p>Yuridiana Sosa\/Zona Roja.<\/p>\n\n\n\n<p>Oaxaca de Ju\u00e1rez, Oax., 13 de abril de 2021.- Un d\u00eda antes de su muerte, Juan Carlos escribi\u00f3 en su perfil de Facebook:<\/p>\n\n\n\n<p>\u201cLo siento amados (as) m\u00edos. Llegue a ese uto punto sabroso de la vida en el que el \u00fanico mensaje que me interesa recibir es ese que dice: \u2018\u00bfa qu\u00e9 n\u00famero te deposito?\u2019\u2026 Os los amo del malam\u00e9n, viernes #chachondo\u201d.<\/p>\n\n\n\n<p>Honesto, aut\u00e9ntico, directo y a veces \u00e1cido, pero con un sentido humanitario. Escritor, historiador, artista, son parte de las descripciones que amigos y familia dan sobre Juan Carlos D\u00edaz Arag\u00f3n, v\u00edctima de la violencia homicida en la capital de Oaxaca.<\/p>\n\n\n\n<p>D\u00edaz Arag\u00f3n conocido en el mundo de las letras y art\u00edstico como \u201cDos Viento de Lluvia\u201d, ten\u00eda m\u00e1s de 20 a\u00f1os desempe\u00f1\u00e1ndose en el \u00e1mbito literario en Oaxaca para M\u00e9xico y m\u00e1s all\u00e1 de sus fronteras, adem\u00e1s de dedicarse al estudio del arte precolombino.<\/p>\n\n\n\n<p>Public\u00f3 cinco libros, el m\u00e1s reciente, \u201cLa fuerza del Cosmos: sabidur\u00eda de las veinte deidades primordiales y sus antiguos s\u00edmbolos de poder\u201d, premiado en Espa\u00f1a, del cual, en noviembre pasado presum\u00eda y hasta bromeaba con sus amigos en redes sociales, orgulloso de trabajo.<\/p>\n\n\n\n<p>\u201cDo mames&#8230; Yo escrib\u00cd este libro???? Omaig\u00e1&#8230;Me acaban de notificar que recib\u00ed por \u00e9l un premio en Espa\u00f1a&#8230; Co\u00f1o&#8230; Co\u00f1ote&#8230; Co\u00f1o\u00f1o\u00f1ote!!!! Vamos!!! A por \u00e9l!!! Y a por los dioses, aclaro. Que los dioses antiguos tienen a los catalanes fascinaos&#8230;#m\u00e9xico no s\u00f3lo #yalitzaaparicio #oaxaca #oaxacatl\u201d fue el mensaje de Juan Carlos D\u00edaz e l 20 de noviembre de 2020, acompa\u00f1ado de la foto de su libro y una m\u00e1quina antigua de su taller de bordado.<\/p>\n\n\n\n<p>Juan Carlos fue asesinado el pasado s\u00e1bado 10 de abril en su domicilio en la quinta calle de J.P Garc\u00eda, en pleno Centro Hist\u00f3rico de la capital, ciudad donde gobierna la impunidad y la indolencia de las autoridades siguen cobrando la vida y paz de las familias.<\/p>\n\n\n\n<p>Previo a festejar su premio, \u201cDos Viento de Lluvia\u201d escribi\u00f3 sobre el d\u00eda de su muerte y entierro. Comparti\u00f3 un recuerdo y public\u00f3:<\/p>\n\n\n\n<p>\u201cLas cartitas de afecto que me mandaban los peques. Todav\u00eda las conservo. Son el \u00fanico amuleto con el que quiero que me entierren cuando me \u2018mueja\u2019, eso y una mortaja hecha con algunos bordados de los \u2018abues\u2019. Creo que si recibo tantas muestras de cari\u00f1o, en algo no he sido tan mala persona en esta vida\u201d. Dijo en su texto el 14 de noviembre pasado.<\/p>\n\n\n\n<p>RECLAMO DE JUSTICIA<\/p>\n\n\n\n<p>D\u00edaz Arag\u00f3n forj\u00f3 un legado en el \u00e1mbito de la literatura en Oaxaca, donde hay duelo. Pero el vac\u00edo que deja en su familia es irremplazable.<\/p>\n\n\n\n<p>Ante su partida se apodera el \u201cdolor, incredulidad, indignaci\u00f3n, hartazgo, no hay palabras\u201d, asegur\u00f3 la familia Arag\u00f3n en una carta abierta dirigida a las autoridades estatales, al gobernador del estado Alejandro Mura y a la Fiscal\u00eda General de Oaxaca para exigir justicia.<\/p>\n\n\n\n<p>Los familiares de Juan Carlos recalcan el pesar que han vivido otros tantos oaxaque\u00f1os: \u201cLa inseguridad\u201d, misma que actualmente se\u00f1alaron \u201craya en la apat\u00eda de las autoridades, ante lo que es su obligaci\u00f3n. Este aberrante hecho nos obliga a levantar la voz\u201d<\/p>\n\n\n\n<p>El nuevo clamor de justicia de una familia en Oaxaca tiene nombre, hoy de Juan Carlos, pero antes de otros m\u00e1s que a\u00fan no han encontrado consuelo. \u201c\u00a1Ya basta de violencia!\u201d, reclaman.<\/p>\n\n\n\n<p>\u201cExigimos al Fiscal General del Estado Arturo Peimbert Calvo, el esclarecimiento de este hecho de sangre que conmueve e indigna a la familia Arag\u00f3n y a todos los amigos de Juan Carlos D\u00edaz Arag\u00f3n\u201d, menciona el escrito.<\/p>\n\n\n\n<p>\u00daLTIMOS RECUERDOS<\/p>\n\n\n\n<p>Escritor activo tambi\u00e9n en su cuenta de Facebook, Juan Carlos entreten\u00eda a sus amigos con mensajes diversos.<\/p>\n\n\n\n<p>Entre los \u00faltimos, con humor, fue: \u201cLo siento amados (as) m\u00edos. Llegue a ese \u2018uto\u2019 punto sabroso de la vida en el que el \u00fanico mensaje que me interesa recibir es ese que dice: \u00ab\u00bfa qu\u00e9 n\u00famero te deposito?\u00bb&#8230;Os los amo del malam\u00e9n.<\/p>\n\n\n\n<p>Mientras que apenas el 2 de abril se dec\u00eda sobreviviente de la pandemia: \u201cHab\u00eda olvidado mostrarles mi documento que certifica que soy un sobreviviente de la pandemia 2020. Me falta renovarlo este a\u00f1o. Espero llegar. Fin del comunicado. Amor y paz\u201d, lo hace con un dibujo art\u00edstico que muestra alguien con una m\u00e1scara.<\/p>\n\n\n\n<p>M\u00c1S DE \u201cDOS VIENTO DE LLUVIA\u201d<\/p>\n\n\n\n<p>Tambi\u00e9n fue fil\u00e1ntropo, maestro en Literatura Mexicana, promotor del programa \u201cM\u00e9xico: listillo desde chiquillo\u201d con el apoyo de su libro \u201cSeres extra\u00f1os\u201d que estaba impulsando en el jard\u00edn de ni\u00f1os Mar\u00eda B. Robledo de P\u00e9rez Gasga, en la ciudad de Oaxaca y tambi\u00e9n del estado Chiapas.<\/p>\n\n\n\n<p>Realiz\u00f3 diversas aportaciones altruistas, benefactor de una Casa para ancianos en Ocotl\u00e1n de Morelos.<\/p>\n\n\n\n<p>Inici\u00f3 su carrera a los 17 a\u00f1os cuando dio a conocer sus poemas en la revista \u00abTierra Adentro\u00bb; en el a\u00f1o 2011 public\u00f3 su primer libro donde explica el universo de acuerdo a los C\u00f3dices del M\u00e9xico Antiguo.<\/p>\n","protected":false},"excerpt":{"rendered":"<p>Yuridiana Sosa\/Zona Roja. Oaxaca de Ju\u00e1rez, Oax., 13 de abril de 2021.- Un d\u00eda antes&hellip;<\/p>\n","protected":false},"author":2,"featured_media":25915,"comment_status":"closed","ping_status":"open","sticky":false,"template":"","format":"standard","meta":{"_lmt_disableupdate":"","_lmt_disable":"","_jetpack_memberships_contains_paid_content":false,"footnotes":""},"categories":[109,47],"tags":[2599],"class_list":["post-25914","post","type-post","status-publish","format-standard","has-post-thumbnail","hentry","category-minuto-a-minuto","category-zona-gris","tag-juan-carlos-diaz-aragon"],"jetpack_featured_media_url":"https:\/\/zonaroja.com.mx\/wp-content\/uploads\/2021\/04\/Juan-Carlos-Diaz-Aragon-1.jpg","jetpack_sharing_enabled":true,"_links":{"self":[{"href":"https:\/\/zonaroja.com.mx\/index.php?rest_route=\/wp\/v2\/posts\/25914","targetHints":{"allow":["GET"]}}],"collection":[{"href":"https:\/\/zonaroja.com.mx\/index.php?rest_route=\/wp\/v2\/posts"}],"about":[{"href":"https:\/\/zonaroja.com.mx\/index.php?rest_route=\/wp\/v2\/types\/post"}],"author":[{"embeddable":true,"href":"https:\/\/zonaroja.com.mx\/index.php?rest_route=\/wp\/v2\/users\/2"}],"replies":[{"embeddable":true,"href":"https:\/\/zonaroja.com.mx\/index.php?rest_route=%2Fwp%2Fv2%2Fcomments&post=25914"}],"version-history":[{"count":2,"href":"https:\/\/zonaroja.com.mx\/index.php?rest_route=\/wp\/v2\/posts\/25914\/revisions"}],"predecessor-version":[{"id":25930,"href":"https:\/\/zonaroja.com.mx\/index.php?rest_route=\/wp\/v2\/posts\/25914\/revisions\/25930"}],"wp:featuredmedia":[{"embeddable":true,"href":"https:\/\/zonaroja.com.mx\/index.php?rest_route=\/wp\/v2\/media\/25915"}],"wp:attachment":[{"href":"https:\/\/zonaroja.com.mx\/index.php?rest_route=%2Fwp%2Fv2%2Fmedia&parent=25914"}],"wp:term":[{"taxonomy":"category","embeddable":true,"href":"https:\/\/zonaroja.com.mx\/index.php?rest_route=%2Fwp%2Fv2%2Fcategories&post=25914"},{"taxonomy":"post_tag","embeddable":true,"href":"https:\/\/zonaroja.com.mx\/index.php?rest_route=%2Fwp%2Fv2%2Ftags&post=25914"}],"curies":[{"name":"wp","href":"https:\/\/api.w.org\/{rel}","templated":true}]}}