{"id":25919,"date":"2021-04-13T17:08:18","date_gmt":"2021-04-13T22:08:18","guid":{"rendered":"https:\/\/www.zonaroja.com.mx\/?p=25919"},"modified":"2021-04-13T17:27:32","modified_gmt":"2021-04-13T22:27:32","slug":"asesinan-a-padre-de-natividad-diaz-diputada-federal-del-pan-por-oaxaca","status":"publish","type":"post","link":"https:\/\/zonaroja.com.mx\/?p=25919","title":{"rendered":"Asesinan a padre de Natividad D\u00edaz, diputada federal del PAN por Oaxaca"},"content":{"rendered":"\n<p class=\"MsoNormal\">Redacci\u00f3n \/ Zona Roja&nbsp;<\/p>\n\n\n\n<p class=\"MsoNormal\">Oaxaca de Ju\u00e1rez, Oax., 13 de abril de 2021.- En un ataque armado, este martes fue ejecutado a balazos el se\u00f1or Leonardo D\u00edaz Cruz, padre de la diputada federal y dirigente del Partido Acci\u00f3n Nacional (PAN), Natividad D\u00edaz Jim\u00e9nez. <\/p>\n\n\n\n<p class=\"MsoNormal\">El hecho se registr\u00f3 antes <a href=\"\/\/1\">de las 15:00<\/a> horas afuera de un establecimiento de venta de materiales de construcci\u00f3n sobre la avenida S\u00edmbolos Patrios de San Antonio de la Cal, al sur de la capital oaxaque\u00f1a.<\/p>\n\n\n\n<p class=\"MsoNormal\">El cuerpo del hombre de 60 a\u00f1os, aproximadamente, qued\u00f3 sin vida en el lugar, al costado de una camioneta, marca Toyota, color gris, doble cabina, con placas de circulaci\u00f3n RY-34-243 de Oaxaca, con varios impactos de arma de fuego en la cabeza y pecho.<\/p>\n\n\n\n<p class=\"MsoNormal\">De acuerdo con los primeros reportes policiales, los presuntos autores materiales iban a bordo de una motocicleta color blanco, quienes al ver al se\u00f1or Leonardo D\u00edaz abrieron fuego, para despu\u00e9s huir. <\/p>\n\n\n\n<p class=\"MsoNormal\">El padre de la tambi\u00e9n presidenta del Comit\u00e9 Directivo Estatal en Oaxaca del PAN fue identificado por su hijo, el presidente con licencia de Ejutla de Crespo, Leonardo D\u00edaz Jim\u00e9nez.<\/p>\n\n\n\n<p class=\"MsoNormal\">Al lugar llegaron elementos policiales, primero para acordonar el \u00e1rea y posteriormente para las diligencias de ley correspondientes.<\/p>\n\n\n\n<p class=\"MsoNormal\">As\u00ed tambi\u00e9n arrib\u00f3 al lugar del crimen el fiscal General de Oaxaca, Arturo Peimbert Calvo y el Secretario General del Partido Acci\u00f3n Nacional (PAN), Juan Iv\u00e1n Mendoza Reyes.<\/p>\n\n\n\n<p class=\"MsoNormal\">Natividad D\u00edaz escribi\u00f3 <a href=\"\/\/2\">este lunes<\/a> en su cuenta de Twitter: \u201cCreer en que podemos tener un mejor Oaxaca es el primer paso, el segundo es trabajar en ello para hacer de ese sue\u00f1o una realidad. Va por Oaxaca, con el PAN #S\u00edHayDeOtra #FuerzaYPalabraDeMujer\u201d.<\/p>\n\n\n\n<p>El fiscal Peimbert Calvo s\u00f3lo lleg\u00f3 por unos minutos a la zona para escuchar de viva voz los detalles; en entrevista colectiva, fue escueto en sus declaraciones y solo dijo que se recaban todas las pruebas. <\/p>\n","protected":false},"excerpt":{"rendered":"<p>Redacci\u00f3n \/ Zona Roja&nbsp; Oaxaca de Ju\u00e1rez, Oax., 13 de abril de 2021.- En un&hellip;<\/p>\n","protected":false},"author":2,"featured_media":25918,"comment_status":"closed","ping_status":"open","sticky":false,"template":"","format":"standard","meta":{"_lmt_disableupdate":"","_lmt_disable":"","_jetpack_memberships_contains_paid_content":false,"footnotes":""},"categories":[109,51],"tags":[2602],"class_list":["post-25919","post","type-post","status-publish","format-standard","has-post-thumbnail","hentry","category-minuto-a-minuto","category-zona-roja","tag-leonardo-diaz-cruz"],"jetpack_featured_media_url":"https:\/\/zonaroja.com.mx\/wp-content\/uploads\/2021\/04\/746f6422-040f-4ffb-a80d-6b9363c2a7eb-1.jpg","jetpack_sharing_enabled":true,"_links":{"self":[{"href":"https:\/\/zonaroja.com.mx\/index.php?rest_route=\/wp\/v2\/posts\/25919","targetHints":{"allow":["GET"]}}],"collection":[{"href":"https:\/\/zonaroja.com.mx\/index.php?rest_route=\/wp\/v2\/posts"}],"about":[{"href":"https:\/\/zonaroja.com.mx\/index.php?rest_route=\/wp\/v2\/types\/post"}],"author":[{"embeddable":true,"href":"https:\/\/zonaroja.com.mx\/index.php?rest_route=\/wp\/v2\/users\/2"}],"replies":[{"embeddable":true,"href":"https:\/\/zonaroja.com.mx\/index.php?rest_route=%2Fwp%2Fv2%2Fcomments&post=25919"}],"version-history":[{"count":2,"href":"https:\/\/zonaroja.com.mx\/index.php?rest_route=\/wp\/v2\/posts\/25919\/revisions"}],"predecessor-version":[{"id":25921,"href":"https:\/\/zonaroja.com.mx\/index.php?rest_route=\/wp\/v2\/posts\/25919\/revisions\/25921"}],"wp:featuredmedia":[{"embeddable":true,"href":"https:\/\/zonaroja.com.mx\/index.php?rest_route=\/wp\/v2\/media\/25918"}],"wp:attachment":[{"href":"https:\/\/zonaroja.com.mx\/index.php?rest_route=%2Fwp%2Fv2%2Fmedia&parent=25919"}],"wp:term":[{"taxonomy":"category","embeddable":true,"href":"https:\/\/zonaroja.com.mx\/index.php?rest_route=%2Fwp%2Fv2%2Fcategories&post=25919"},{"taxonomy":"post_tag","embeddable":true,"href":"https:\/\/zonaroja.com.mx\/index.php?rest_route=%2Fwp%2Fv2%2Ftags&post=25919"}],"curies":[{"name":"wp","href":"https:\/\/api.w.org\/{rel}","templated":true}]}}