{"id":25926,"date":"2021-04-13T19:52:09","date_gmt":"2021-04-14T00:52:09","guid":{"rendered":"http:\/\/www.zonaroja.com.mx\/?p=25926"},"modified":"2021-04-13T19:52:15","modified_gmt":"2021-04-14T00:52:15","slug":"pan-condena-asesinato-de-padre-de-diputada-y-dirigente-natividad-diaz-ya-habia-amenazas","status":"publish","type":"post","link":"https:\/\/zonaroja.com.mx\/?p=25926","title":{"rendered":"PAN condena asesinato de padre de diputada y dirigente Natividad D\u00edaz; ya hab\u00eda amenazas"},"content":{"rendered":"\n<p>Yuridiana Sosa\/Zona Roja. Foto: Especial<\/p>\n\n\n\n<p>Oaxaca de Ju\u00e1rez, Oax., 13 de abril de 2021.- El Partido Acci\u00f3n Nacional (PAN) conden\u00f3 y exigi\u00f3 justicia por la ejecuci\u00f3n de Leonardo D\u00edaz Cruz, padre la diputada federal por Oaxaca, Natividad D\u00edaz Jim\u00e9nez, as\u00ed como del candidato a la diputaci\u00f3n local y presidencia de Ejutla de Crespo, Leonardo y Carlos Armando D\u00edaz Jim\u00e9nez, respectivamente.<\/p>\n\n\n\n<p>El instituto pol\u00edtico, del que Natividad D\u00edaz tambi\u00e9n es presidente del Comit\u00e9 Directivo Estatal de Oaxaca, exigi\u00f3 al gobierno de Oaxaca y a la Secretaria de Gobernaci\u00f3n, Olga S\u00e1nchez Cordero, que garanticen la seguridad de las y los candidatos en el proceso electoral.<\/p>\n\n\n\n<p>El presidente nacional del PAN, Marko Cort\u00e9s Mendoza, apunt\u00f3 que realizar\u00e1 la petici\u00f3n y exigencia formal al gobierno federal para que den con el paradero del responsable y se castigue con todo el peso de la ley a los involucrados de este asesinato.<\/p>\n\n\n\n<p>\u201cLeonardo D\u00edaz era un militante panista comprometido, profesional, siempre dispuesto. Desde el Comit\u00e9 Ejecutivo Nacional enviamos a sus familiares un reconocimiento y agradecimiento por el trabajo partidista que llev\u00f3 a cabo durante todos estos a\u00f1os\u201d, puntualiz\u00f3 el comunicado del PAN.<\/p>\n\n\n\n<p>AMENAZAS PREVIAS<\/p>\n\n\n\n<p>El Partido Acci\u00f3n Nacional (PAN) dio a conocer que los candidatos de la coalici\u00f3n \u201cVa por M\u00e9xico\u201d en la Heroica Ciudad de Ejutla de Crespo, en Valles Centrales, ya hab\u00edan reportado amenazas.<\/p>\n\n\n\n<p>Pero \u201cpor negligencia o complicidad, las autoridades claramente no dieron seguimiento al caso\u201d, se\u00f1al\u00f3 el partido.<\/p>\n\n\n\n<p>Y agreg\u00f3 que \u201cllama la atenci\u00f3n que los delincuentes llegaron con total impunidad y al parecer bajo protecci\u00f3n pol\u00edtica\u201d.<\/p>\n\n\n\n<p>Por esta situaci\u00f3n, el PAN reiter\u00f3 la exigencia de justicia y un alto a la violencia en las campa\u00f1as, por lo que llamaron al gobierno de M\u00e9xico y a gobiernos de otros estados para que atiendan las denuncias, amenazas y demandas de los candidatos, sin distingo de partido.<\/p>\n\n\n\n<p>En Oaxaca su suma el reciente asesinato de la pre candidata a la presidencia municipal de Ocotl\u00e1n de Morelos, por el PAN, de Ivonne Gallegos Carre\u00f1o, ocurrido el pasado 20 de marzo.<\/p>\n\n\n\n<p>FALLIDA POL\u00cdTICA<\/p>\n\n\n\n<p>En su posicionamiento, Acci\u00f3n Nacional lament\u00f3 la implementaci\u00f3n de la estrategia del gobierno federal de \u201cabrazos y no balazos\u201d, la cual ha fallado y ha permitido que la delincuencia organizada se expanda en todo el pa\u00eds.<\/p>\n\n\n\n<p>FAMILIA DE POL\u00cdTICOS<\/p>\n\n\n\n<p>Natividad D\u00edaz Jim\u00e9nez y sus hermanos mantienen una vida pol\u00edtica activa por el PAN.<\/p>\n\n\n\n<p>Leonardo D\u00edaz Jim\u00e9nez es presidente con licencia de Ejutla de Crespo y aspirante a la diputaci\u00f3n del distrito electoral 21, con cabecera en Ejutla, mientras su hermano, Carlos Armando D\u00edaz Jim\u00e9nez, candidato a presidente municipal de Ejutla de Crespo.<\/p>\n","protected":false},"excerpt":{"rendered":"<p>Yuridiana Sosa\/Zona Roja. Foto: Especial Oaxaca de Ju\u00e1rez, Oax., 13 de abril de 2021.- El&hellip;<\/p>\n","protected":false},"author":2,"featured_media":25927,"comment_status":"closed","ping_status":"open","sticky":false,"template":"","format":"standard","meta":{"_lmt_disableupdate":"","_lmt_disable":"","_jetpack_memberships_contains_paid_content":false,"footnotes":""},"categories":[109,47],"tags":[2602],"class_list":["post-25926","post","type-post","status-publish","format-standard","has-post-thumbnail","hentry","category-minuto-a-minuto","category-zona-gris","tag-leonardo-diaz-cruz"],"jetpack_featured_media_url":"https:\/\/zonaroja.com.mx\/wp-content\/uploads\/2021\/04\/Leonardo-Diaz-Cruz.jpg","jetpack_sharing_enabled":true,"_links":{"self":[{"href":"https:\/\/zonaroja.com.mx\/index.php?rest_route=\/wp\/v2\/posts\/25926","targetHints":{"allow":["GET"]}}],"collection":[{"href":"https:\/\/zonaroja.com.mx\/index.php?rest_route=\/wp\/v2\/posts"}],"about":[{"href":"https:\/\/zonaroja.com.mx\/index.php?rest_route=\/wp\/v2\/types\/post"}],"author":[{"embeddable":true,"href":"https:\/\/zonaroja.com.mx\/index.php?rest_route=\/wp\/v2\/users\/2"}],"replies":[{"embeddable":true,"href":"https:\/\/zonaroja.com.mx\/index.php?rest_route=%2Fwp%2Fv2%2Fcomments&post=25926"}],"version-history":[{"count":1,"href":"https:\/\/zonaroja.com.mx\/index.php?rest_route=\/wp\/v2\/posts\/25926\/revisions"}],"predecessor-version":[{"id":25928,"href":"https:\/\/zonaroja.com.mx\/index.php?rest_route=\/wp\/v2\/posts\/25926\/revisions\/25928"}],"wp:featuredmedia":[{"embeddable":true,"href":"https:\/\/zonaroja.com.mx\/index.php?rest_route=\/wp\/v2\/media\/25927"}],"wp:attachment":[{"href":"https:\/\/zonaroja.com.mx\/index.php?rest_route=%2Fwp%2Fv2%2Fmedia&parent=25926"}],"wp:term":[{"taxonomy":"category","embeddable":true,"href":"https:\/\/zonaroja.com.mx\/index.php?rest_route=%2Fwp%2Fv2%2Fcategories&post=25926"},{"taxonomy":"post_tag","embeddable":true,"href":"https:\/\/zonaroja.com.mx\/index.php?rest_route=%2Fwp%2Fv2%2Ftags&post=25926"}],"curies":[{"name":"wp","href":"https:\/\/api.w.org\/{rel}","templated":true}]}}