{"id":25929,"date":"2021-04-13T21:56:57","date_gmt":"2021-04-14T02:56:57","guid":{"rendered":"http:\/\/www.zonaroja.com.mx\/?p=25929"},"modified":"2021-04-13T21:57:01","modified_gmt":"2021-04-14T02:57:01","slug":"martes-13-y-rojo-en-oaxaca-cuatro-ejecutados-uno-desmembrado-y-otro-embolsado","status":"publish","type":"post","link":"https:\/\/zonaroja.com.mx\/?p=25929","title":{"rendered":"Martes 13 y rojo en Oaxaca: cuatro ejecutados; uno desmembrado y otro embolsado"},"content":{"rendered":"\n<p>Ismael Garc\u00eda M.\/Zona Roja.<\/p>\n\n\n\n<p>Oaxaca de Ju\u00e1rez, Oax., 13 de abril de 2021.- Al menos cuatro personas perdieron la vida de manera violenta en las regiones Valles Centrales, Istmo de Tehuantepec y Costa de Oaxaca.<\/p>\n\n\n\n<p>Adem\u00e1s de la ejecuci\u00f3n de Leonardo D\u00edaz Cruz, perpetrado en jurisdicci\u00f3n de San Antonio de la Cal, al sur de la capital, un mototaxista fue ejecutado la tarde de hoy en la S\u00e9ptima Secci\u00f3n de Juchit\u00e1n de Zaragoza, en la zona istme\u00f1a.<\/p>\n\n\n\n<p>Hasta el momento la v\u00edctima no ha sido identificada de manera formal y fue ultimada a balazo mientras conduc\u00eda su unidad de motor con n\u00famero econ\u00f3mico 069.<\/p>\n\n\n\n<p>En la calle Nicol\u00e1s Bravo de la colonia Hidalgo Oriente de Salina Cruz, tambi\u00e9n en el Istmo, fue hallado el cuerpo de una persona del sexo masculino, en el interior de bolsas de hule, con disparos de arma de fuego; la v\u00edctima fue identificada como Diego M. S.<\/p>\n\n\n\n<p>Mientras que en Santa Catarina Juquila, en la regi\u00f3n Costa, fue hallado un cuerpo desmembrado en el interior de una tina, a la altura del puente \u201cEl Peregrino\u201d; tambi\u00e9n hasta el momento no hay m\u00e1s datos oficiales respecto a la v\u00edctima.<\/p>\n","protected":false},"excerpt":{"rendered":"<p>Ismael Garc\u00eda M.\/Zona Roja. Oaxaca de Ju\u00e1rez, Oax., 13 de abril de 2021.- Al menos&hellip;<\/p>\n","protected":false},"author":2,"featured_media":25931,"comment_status":"closed","ping_status":"open","sticky":false,"template":"","format":"standard","meta":{"_lmt_disableupdate":"","_lmt_disable":"","_jetpack_memberships_contains_paid_content":false,"footnotes":""},"categories":[109,51],"tags":[123,168],"class_list":["post-25929","post","type-post","status-publish","format-standard","has-post-thumbnail","hentry","category-minuto-a-minuto","category-zona-roja","tag-juchitan-de-zaragoza","tag-salina-cruz"],"jetpack_featured_media_url":"https:\/\/zonaroja.com.mx\/wp-content\/uploads\/2021\/04\/Ejecutado-Salina-Cruz.jpg","jetpack_sharing_enabled":true,"_links":{"self":[{"href":"https:\/\/zonaroja.com.mx\/index.php?rest_route=\/wp\/v2\/posts\/25929","targetHints":{"allow":["GET"]}}],"collection":[{"href":"https:\/\/zonaroja.com.mx\/index.php?rest_route=\/wp\/v2\/posts"}],"about":[{"href":"https:\/\/zonaroja.com.mx\/index.php?rest_route=\/wp\/v2\/types\/post"}],"author":[{"embeddable":true,"href":"https:\/\/zonaroja.com.mx\/index.php?rest_route=\/wp\/v2\/users\/2"}],"replies":[{"embeddable":true,"href":"https:\/\/zonaroja.com.mx\/index.php?rest_route=%2Fwp%2Fv2%2Fcomments&post=25929"}],"version-history":[{"count":1,"href":"https:\/\/zonaroja.com.mx\/index.php?rest_route=\/wp\/v2\/posts\/25929\/revisions"}],"predecessor-version":[{"id":25932,"href":"https:\/\/zonaroja.com.mx\/index.php?rest_route=\/wp\/v2\/posts\/25929\/revisions\/25932"}],"wp:featuredmedia":[{"embeddable":true,"href":"https:\/\/zonaroja.com.mx\/index.php?rest_route=\/wp\/v2\/media\/25931"}],"wp:attachment":[{"href":"https:\/\/zonaroja.com.mx\/index.php?rest_route=%2Fwp%2Fv2%2Fmedia&parent=25929"}],"wp:term":[{"taxonomy":"category","embeddable":true,"href":"https:\/\/zonaroja.com.mx\/index.php?rest_route=%2Fwp%2Fv2%2Fcategories&post=25929"},{"taxonomy":"post_tag","embeddable":true,"href":"https:\/\/zonaroja.com.mx\/index.php?rest_route=%2Fwp%2Fv2%2Ftags&post=25929"}],"curies":[{"name":"wp","href":"https:\/\/api.w.org\/{rel}","templated":true}]}}