{"id":2593,"date":"2019-07-28T20:32:11","date_gmt":"2019-07-29T01:32:11","guid":{"rendered":"http:\/\/www.zonaroja.com.mx\/?p=2593"},"modified":"2019-07-28T20:32:14","modified_gmt":"2019-07-29T01:32:14","slug":"guelaguetza-violenta-en-san-jacinto-amilpas-alcaldesa-echa-policia-a-inconformes","status":"publish","type":"post","link":"https:\/\/zonaroja.com.mx\/?p=2593","title":{"rendered":"Guelaguetza violenta en San Jacinto Amilpas; alcaldesa echa polic\u00eda a inconformes"},"content":{"rendered":"\n<p>Redacci\u00f3n<\/p>\n\n\n\n<p>Oaxaca de Ju\u00e1rez, Oax., 28 de julio de\n2019.- En un enfrentamiento y disturbios derivaron las fiestas de la\nGuelaguetza y una feria del mezcal que organiz\u00f3 el ayuntamiento de San Jacinto\nAmilpas y que incluy\u00f3 gas lacrim\u00f3geno, golpes y detenciones.<\/p>\n\n\n\n<p>Desde que inici\u00f3 el trienio, la\npresidenta municipal Yolanda Santos Monta\u00f1o, surgida del Partido Morena, ha\nenfrentado conflictos con varios integrantes del Cabildo, lo que ha originado a\nla vez inconformidades en la poblaci\u00f3n, conurnada a la capital del estado por\nla zona poniente.<\/p>\n\n\n\n<p>Hace dos semanas, vecinos protestaron\npara exigir transparencia en el uso de los recursos p\u00fablicos, adem\u00e1s de acusar\nel derroche de la alcaldesa y exigir su renuncia.<\/p>\n\n\n\n<p>Este domingo alrededor de las 10 de la ma\u00f1ana, otro sector de inconformes inici\u00f3 una protesta con pancartas y mantas, en que adem\u00e1s bloquearon el puente vehicular de acceso al municipio, a un costado de la ribera del r\u00edo \u201cAtoyac\u201d.<\/p>\n\n\n\n<figure class=\"wp-block-embed-twitter wp-block-embed is-type-rich is-provider-twitter\"><div class=\"wp-block-embed__wrapper\">\n<div class=\"twitter-tweet\"><blockquote class=\"twitter-tweet\" data-lang=\"es\"><p lang=\"es\" dir=\"ltr\">Este fue el momento en que, por \u00f3rdenes de la alcaldesa morenista de San Jacinto Amilpas, Yolanda Santos, polic\u00edas atacaron a golpes y con gas lacrim\u00f3geno a inconformes con la alcaldesa, a quien acusan de opacidad y nula obra p\u00fablica. <br>Video: Cortes\u00eda <a href=\"https:\/\/t.co\/8LxRu6Ep3J\">pic.twitter.com\/8LxRu6Ep3J<\/a><\/p>&mdash; Zona Roja Oaxaca (@MexRoja) <a href=\"https:\/\/twitter.com\/MexRoja\/status\/1155554056720568326?ref_src=twsrc%5Etfw\">28 de julio de 2019<\/a><\/blockquote><\/div>\n<\/div><\/figure>\n\n\n\n<p>Otro grupo, presuntamente de \u201ccholos\u201d,\nenviados por la presidenta municipal &#8211;seg\u00fan los inconformes\u2014lleg\u00f3 a agredirlos\ny a ello se sumaron elementos de la Polic\u00eda Municipal, que adem\u00e1s aplicaron\ndetenciones y presuntamente arrojaron gas lacrim\u00f3geno.<\/p>\n\n\n\n<p>Al mediod\u00eda la situaci\u00f3n se calm\u00f3 pero resurgi\u00f3 despu\u00e9s de las seis de la tarde, a punto de iniciar la presentaci\u00f3n de la Guelauetza, cuando otros supuestos \u201cporros\u201d arrojaron una granada de gas lacrim\u00f3geno a la poblaci\u00f3n y turistas.<\/p>\n\n\n\n<figure class=\"wp-block-embed-twitter wp-block-embed is-type-rich is-provider-twitter\"><div class=\"wp-block-embed__wrapper\">\n<div class=\"twitter-tweet\"><blockquote class=\"twitter-tweet\" data-lang=\"es\"><p lang=\"es\" dir=\"ltr\"><a href=\"https:\/\/twitter.com\/hashtag\/OaxacaRojo?src=hash&amp;ref_src=twsrc%5Etfw\">#OaxacaRojo<\/a><br>La violencia regres\u00f3 la tarde de este domingo en San Jacinto Amilpas; personas desconocidas arrojaron una granada de gas lacrim\u00f3geno a la gente, previo a la <a href=\"https:\/\/twitter.com\/hashtag\/Guelaguetza?src=hash&amp;ref_src=twsrc%5Etfw\">#Guelaguetza<\/a> en ese municipio conurbado a la capital de <a href=\"https:\/\/twitter.com\/hashtag\/Oaxaca?src=hash&amp;ref_src=twsrc%5Etfw\">#Oaxaca<\/a>. <br>Video: <a href=\"https:\/\/twitter.com\/WillyHdz_Mx?ref_src=twsrc%5Etfw\">@WillyHdz_Mx<\/a> <a href=\"https:\/\/twitter.com\/LaondaOaxaca?ref_src=twsrc%5Etfw\">@LaondaOaxaca<\/a> <a href=\"https:\/\/t.co\/DjlYz3Nsue\">pic.twitter.com\/DjlYz3Nsue<\/a><\/p>&mdash; Zona Roja Oaxaca (@MexRoja) <a href=\"https:\/\/twitter.com\/MexRoja\/status\/1155627858292858882?ref_src=twsrc%5Etfw\">28 de julio de 2019<\/a><\/blockquote><\/div>\n<\/div><\/figure>\n\n\n\n<p>Tras ello arribaron elementos de la\nGuardia Nacional y de la Polic\u00eda Estatal, que efectuaron operativos de b\u00fasqueda\nde los probables responsables, pero sin \u00e9xito. Tras ello la fiesta se reanud\u00f3\nsin contratiempo.<\/p>\n\n\n\n<p>Los agredidos informaron que\ninterpondr\u00e1n una denuncia penal en contra de la alcaldesa, funcionarios\nmunicipales y la responsable de la Polic\u00eda Municipal.<\/p>\n","protected":false},"excerpt":{"rendered":"<p>Redacci\u00f3n Oaxaca de Ju\u00e1rez, Oax., 28 de julio de 2019.- En un enfrentamiento y disturbios&hellip;<\/p>\n","protected":false},"author":2,"featured_media":2594,"comment_status":"closed","ping_status":"open","sticky":false,"template":"","format":"standard","meta":{"_lmt_disableupdate":"","_lmt_disable":"","_jetpack_memberships_contains_paid_content":false,"footnotes":""},"categories":[109,47],"tags":[418],"class_list":["post-2593","post","type-post","status-publish","format-standard","has-post-thumbnail","hentry","category-minuto-a-minuto","category-zona-gris","tag-disturbios-y-enfrentamiento-en-san-jacinto-amilpas"],"jetpack_featured_media_url":"https:\/\/zonaroja.com.mx\/wp-content\/uploads\/2019\/07\/IMG_3950.jpg","jetpack_sharing_enabled":true,"_links":{"self":[{"href":"https:\/\/zonaroja.com.mx\/index.php?rest_route=\/wp\/v2\/posts\/2593","targetHints":{"allow":["GET"]}}],"collection":[{"href":"https:\/\/zonaroja.com.mx\/index.php?rest_route=\/wp\/v2\/posts"}],"about":[{"href":"https:\/\/zonaroja.com.mx\/index.php?rest_route=\/wp\/v2\/types\/post"}],"author":[{"embeddable":true,"href":"https:\/\/zonaroja.com.mx\/index.php?rest_route=\/wp\/v2\/users\/2"}],"replies":[{"embeddable":true,"href":"https:\/\/zonaroja.com.mx\/index.php?rest_route=%2Fwp%2Fv2%2Fcomments&post=2593"}],"version-history":[{"count":1,"href":"https:\/\/zonaroja.com.mx\/index.php?rest_route=\/wp\/v2\/posts\/2593\/revisions"}],"predecessor-version":[{"id":2595,"href":"https:\/\/zonaroja.com.mx\/index.php?rest_route=\/wp\/v2\/posts\/2593\/revisions\/2595"}],"wp:featuredmedia":[{"embeddable":true,"href":"https:\/\/zonaroja.com.mx\/index.php?rest_route=\/wp\/v2\/media\/2594"}],"wp:attachment":[{"href":"https:\/\/zonaroja.com.mx\/index.php?rest_route=%2Fwp%2Fv2%2Fmedia&parent=2593"}],"wp:term":[{"taxonomy":"category","embeddable":true,"href":"https:\/\/zonaroja.com.mx\/index.php?rest_route=%2Fwp%2Fv2%2Fcategories&post=2593"},{"taxonomy":"post_tag","embeddable":true,"href":"https:\/\/zonaroja.com.mx\/index.php?rest_route=%2Fwp%2Fv2%2Ftags&post=2593"}],"curies":[{"name":"wp","href":"https:\/\/api.w.org\/{rel}","templated":true}]}}