{"id":25942,"date":"2021-04-14T10:35:05","date_gmt":"2021-04-14T15:35:05","guid":{"rendered":"http:\/\/www.zonaroja.com.mx\/?p=25942"},"modified":"2021-04-14T07:40:16","modified_gmt":"2021-04-14T12:40:16","slug":"opinion-duelo-de-nostalgias","status":"publish","type":"post","link":"https:\/\/zonaroja.com.mx\/?p=25942","title":{"rendered":"Opini\u00f3n. Duelo de nostalgias"},"content":{"rendered":"\n<p>Gibr\u00e1n Ram\u00edrez Reyes*<\/p>\n\n\n\n<p>El arte de la pol\u00edtica implica la construcci\u00f3n de voluntades colectivas acerca de objetivos generales y por eso es tan compleja. Estas voluntades suelen elaborarse afectivamente, por lo menos, a partir de dos componentes que las configuran siempre en alg\u00fan tipo de mezcla: el impulso de conservaci\u00f3n de lo que se tiene \u2014de lo que no se quiere que cambie\u2014 y la esperanza de mejor\u00eda en los \u00e1mbitos en los que hay m\u00e1s dificultades o sufrimientos.<\/p>\n\n\n\n<p>Por ello, seg\u00fan el componente que domine, la pol\u00edtica puede dividirse entre una pol\u00edtica de la fe, usualmente la fe en el futuro, o una pol\u00edtica del escepticismo, pesimista sobre las posibilidades de mejorar y reacia al cambio para evitar desmejoras, m\u00e1s bien conservadora (lo observ\u00f3 Oakeshott en un breve y luminoso texto).<\/p>\n\n\n\n<p>Mientras la pol\u00edtica de la fe parte del potente principio de la esperanza, la pol\u00edtica del escepticismo se crea a partir del temor o la precauci\u00f3n ante la posible p\u00e9rdida de seguridades m\u00ednimas.<\/p>\n\n\n\n<p>En todo proceso de cambio, sobre todo cuando se pretenden para \u00e9l dimensiones revolucionarias, domina la pol\u00edtica de la fe, teniendo su fuerza fundamental en la esperanza que tiene, a su vez, varias fuentes posibles. La primera de ellas es la utop\u00eda, que necesita de una elaboraci\u00f3n ideol\u00f3gica minuciosa y una did\u00e1ctica p\u00fablica intensa. Fue el caso, por ejemplo, de las ideas socialistas durante el siglo XX, aunque tambi\u00e9n del neoliberalismo antes de volverse la ideolog\u00eda dominante.<\/p>\n\n\n\n<p>En los \u00faltimos tiempos, la pol\u00edtica de la utop\u00eda la han enarbolado con relativo \u00e9xito en la izquierda estadunidense, particularmente las candidaturas de Bernie Sanders en las dos \u00faltimas elecciones presidenciales. Prevaleci\u00f3, sin embargo, la segunda fuente de la esperanza, m\u00e1s certera siempre, que es la memoria.<\/p>\n\n\n\n<p>Primero, triunf\u00f3 la esperanza de los circuitos sociales abandonados tras el declive de la sociedad industrial, del mundo del trabajo formal asociado a una seguridad social suficiente y a trabajos que se volv\u00edan tambi\u00e9n, con los sindicatos mediante, el eje de la vida de las personas. Trump eligi\u00f3 avivar esa nostalgia por el Estados Unidos plenamente industrial y lo logr\u00f3: esa es la grandeza (econ\u00f3mica) que se propon\u00eda recuperar al menos en el discurso.<\/p>\n\n\n\n<p>En la \u00faltima elecci\u00f3n, por otra parte, triunf\u00f3 la nostalgia de la normalidad neoliberal, los buenos modales, el orden institucional olig\u00e1rquico desbordado por el populismo. Se trata de una nostalgia m\u00e1s pol\u00edtica que econ\u00f3mica. Esta \u00faltima es la que intentan replicar los reaccionarios mexicanos en busca de su Biden, incapaces tambi\u00e9n de inventar futuros nuevos.<\/p>\n\n\n\n<p>En Estados Unidos como en M\u00e9xico, hay un duelo de nostalgias que quieren prefigurar futuros: por un lado se a\u00f1oran momentos m\u00e1s igualitarios \u2014la sociedad industrial o el desarrollo estabilizador\u2014; por otro, \u00f3rdenes institucionales que aunque injustos fueron estables pol\u00edticamente \u2014en el caso mexicano, el r\u00e9gimen de la transici\u00f3n a la democracia\u2014.<\/p>\n\n\n\n<p>En ambos casos hay pocos componentes ut\u00f3picos, ideol\u00f3gicos, creativos, pues han ido madurando muy lentamente a partir de las crisis econ\u00f3micas de los \u00faltimos a\u00f1os. Sin ellos, seguir\u00e1 la danza entre nostalgias y ambiciones vulgares, y los proyectos de naci\u00f3n y de reforma pasar\u00e1n a segundo o tercer t\u00e9rmino<\/p>\n\n\n\n<p>* Doctor en Ciencia Pol\u00edtica por la UNAM.<\/p>\n","protected":false},"excerpt":{"rendered":"<p>Gibr\u00e1n Ram\u00edrez Reyes* El arte de la pol\u00edtica implica la construcci\u00f3n de voluntades colectivas acerca&hellip;<\/p>\n","protected":false},"author":2,"featured_media":24099,"comment_status":"closed","ping_status":"open","sticky":false,"template":"","format":"standard","meta":{"_lmt_disableupdate":"","_lmt_disable":"","_jetpack_memberships_contains_paid_content":false,"footnotes":""},"categories":[456,109],"tags":[2489],"class_list":["post-25942","post","type-post","status-publish","format-standard","has-post-thumbnail","hentry","category-columna","category-minuto-a-minuto","tag-gibran-ramirez-reyes"],"jetpack_featured_media_url":"https:\/\/zonaroja.com.mx\/wp-content\/uploads\/2021\/02\/Gibran-Ramirez-Reyes.jpg","jetpack_sharing_enabled":true,"_links":{"self":[{"href":"https:\/\/zonaroja.com.mx\/index.php?rest_route=\/wp\/v2\/posts\/25942","targetHints":{"allow":["GET"]}}],"collection":[{"href":"https:\/\/zonaroja.com.mx\/index.php?rest_route=\/wp\/v2\/posts"}],"about":[{"href":"https:\/\/zonaroja.com.mx\/index.php?rest_route=\/wp\/v2\/types\/post"}],"author":[{"embeddable":true,"href":"https:\/\/zonaroja.com.mx\/index.php?rest_route=\/wp\/v2\/users\/2"}],"replies":[{"embeddable":true,"href":"https:\/\/zonaroja.com.mx\/index.php?rest_route=%2Fwp%2Fv2%2Fcomments&post=25942"}],"version-history":[{"count":1,"href":"https:\/\/zonaroja.com.mx\/index.php?rest_route=\/wp\/v2\/posts\/25942\/revisions"}],"predecessor-version":[{"id":25943,"href":"https:\/\/zonaroja.com.mx\/index.php?rest_route=\/wp\/v2\/posts\/25942\/revisions\/25943"}],"wp:featuredmedia":[{"embeddable":true,"href":"https:\/\/zonaroja.com.mx\/index.php?rest_route=\/wp\/v2\/media\/24099"}],"wp:attachment":[{"href":"https:\/\/zonaroja.com.mx\/index.php?rest_route=%2Fwp%2Fv2%2Fmedia&parent=25942"}],"wp:term":[{"taxonomy":"category","embeddable":true,"href":"https:\/\/zonaroja.com.mx\/index.php?rest_route=%2Fwp%2Fv2%2Fcategories&post=25942"},{"taxonomy":"post_tag","embeddable":true,"href":"https:\/\/zonaroja.com.mx\/index.php?rest_route=%2Fwp%2Fv2%2Ftags&post=25942"}],"curies":[{"name":"wp","href":"https:\/\/api.w.org\/{rel}","templated":true}]}}