{"id":25944,"date":"2021-04-14T07:43:40","date_gmt":"2021-04-14T12:43:40","guid":{"rendered":"http:\/\/www.zonaroja.com.mx\/?p=25944"},"modified":"2021-04-14T07:43:43","modified_gmt":"2021-04-14T12:43:43","slug":"violencia-en-cualquier-tipo-o-modalidad-debe-ser-erradicada-poder-judicial","status":"publish","type":"post","link":"https:\/\/zonaroja.com.mx\/?p=25944","title":{"rendered":"Violencia en cualquier tipo o modalidad, debe ser erradicada: Poder Judicial"},"content":{"rendered":"\n<p>Redacci\u00f3n\/Zona Roja.<\/p>\n\n\n\n<p>Oaxaca de Ju\u00e1rez, Oax., 14 de abril de 2021.- En su prioridad de velar por los intereses y derechos de ni\u00f1as, adolescentes y mujeres, as\u00ed como protegerlas de la violencia, principalmente durante el confinamiento derivado de la crisis sanitaria por Covid-19, el Poder Judicial del Estado de Oaxaca realiza un trabajo continuo de concientizaci\u00f3n social respecto a este tema.<\/p>\n\n\n\n<p>Dentro de los mecanismos con los que se cuenta en la entidad y a nivel federal para la protecci\u00f3n y salvaguarda de este grupo vulnerado, existen las \u00f3rdenes de protecci\u00f3n, medidas que contempla la ley para que ni\u00f1as y mujeres reciban amparo inmediato ante cualquier violencia que les afecte o ponga en peligro.<\/p>\n\n\n\n<p>En este sentido, se considera como violencia hacia ni\u00f1as y mujeres, cualquier acci\u00f3n o conducta basada en su g\u00e9nero, que les provoque la muerte, da\u00f1o o sufrimiento f\u00edsico, sexual o psicol\u00f3gico tanto en el \u00e1mbito p\u00fablico y privado.<\/p>\n\n\n\n<p>La Ley General de Acceso de las Mujeres a una Vida Libre de Violencia la clasifica en tipos y modalidades, la primera comprende la psicol\u00f3gica, f\u00edsica, patrimonial, econ\u00f3mica y sexual; en cuanto a la segunda, est\u00e1 presente en el \u00e1mbito familiar, laboral, docente, institucional, en la comunidad y la m\u00e1s grave, la feminicida.<\/p>\n\n\n\n<p>Al respecto, la titular de la Unidad de G\u00e9nero, puntualiz\u00f3 en la importancia de acelerar y contar con procesos transformativos que permitan la real configuraci\u00f3n del acceso efectivo a la justicia, espec\u00edficamente, en casos de violencia de g\u00e9nero.<\/p>\n\n\n\n<p>\u201cEstamos conscientes de que en este camino es necesario la aportaci\u00f3n y cohesi\u00f3n social para transformar y divisar el acceso a la justicia de manera incluyente, generar con ellos, marcos interpretativos de perspectiva de g\u00e9nero que permitan la configuraci\u00f3n de los patrones culturales y estereotipos de g\u00e9nero en la entidad federativa, espec\u00edficamente en la tutela judicial\u201d, destac\u00f3.<\/p>\n\n\n\n<p>Dentro de los esquemas adoptados por el Poder Judicial del Estado se encuentra el Protocolo para juzgar con perspectiva de g\u00e9nero emitido por la Suprema Corte de Justicia de la Naci\u00f3n, en cual hace \u00e9nfasis respecto a la eliminaci\u00f3n de pr\u00e1cticas culturales, actitudes y comportamientos individuales, sociales e institucionales que discriminan a las personas por su g\u00e9nero y la adopci\u00f3n de criterios jurisdiccionales basados en el derecho a la igualdad.<\/p>\n","protected":false},"excerpt":{"rendered":"<p>Redacci\u00f3n\/Zona Roja. Oaxaca de Ju\u00e1rez, Oax., 14 de abril de 2021.- En su prioridad de&hellip;<\/p>\n","protected":false},"author":2,"featured_media":25945,"comment_status":"closed","ping_status":"open","sticky":false,"template":"","format":"standard","meta":{"_lmt_disableupdate":"","_lmt_disable":"","_jetpack_memberships_contains_paid_content":false,"footnotes":""},"categories":[109,46],"tags":[223],"class_list":["post-25944","post","type-post","status-publish","format-standard","has-post-thumbnail","hentry","category-minuto-a-minuto","category-zona-blanca","tag-poder-judicial-de-oaxaca"],"jetpack_featured_media_url":"https:\/\/zonaroja.com.mx\/wp-content\/uploads\/2021\/04\/PODER-JUDICIAL.jpeg","jetpack_sharing_enabled":true,"_links":{"self":[{"href":"https:\/\/zonaroja.com.mx\/index.php?rest_route=\/wp\/v2\/posts\/25944","targetHints":{"allow":["GET"]}}],"collection":[{"href":"https:\/\/zonaroja.com.mx\/index.php?rest_route=\/wp\/v2\/posts"}],"about":[{"href":"https:\/\/zonaroja.com.mx\/index.php?rest_route=\/wp\/v2\/types\/post"}],"author":[{"embeddable":true,"href":"https:\/\/zonaroja.com.mx\/index.php?rest_route=\/wp\/v2\/users\/2"}],"replies":[{"embeddable":true,"href":"https:\/\/zonaroja.com.mx\/index.php?rest_route=%2Fwp%2Fv2%2Fcomments&post=25944"}],"version-history":[{"count":1,"href":"https:\/\/zonaroja.com.mx\/index.php?rest_route=\/wp\/v2\/posts\/25944\/revisions"}],"predecessor-version":[{"id":25946,"href":"https:\/\/zonaroja.com.mx\/index.php?rest_route=\/wp\/v2\/posts\/25944\/revisions\/25946"}],"wp:featuredmedia":[{"embeddable":true,"href":"https:\/\/zonaroja.com.mx\/index.php?rest_route=\/wp\/v2\/media\/25945"}],"wp:attachment":[{"href":"https:\/\/zonaroja.com.mx\/index.php?rest_route=%2Fwp%2Fv2%2Fmedia&parent=25944"}],"wp:term":[{"taxonomy":"category","embeddable":true,"href":"https:\/\/zonaroja.com.mx\/index.php?rest_route=%2Fwp%2Fv2%2Fcategories&post=25944"},{"taxonomy":"post_tag","embeddable":true,"href":"https:\/\/zonaroja.com.mx\/index.php?rest_route=%2Fwp%2Fv2%2Ftags&post=25944"}],"curies":[{"name":"wp","href":"https:\/\/api.w.org\/{rel}","templated":true}]}}