{"id":25950,"date":"2021-04-14T08:12:05","date_gmt":"2021-04-14T13:12:05","guid":{"rendered":"http:\/\/www.zonaroja.com.mx\/?p=25950"},"modified":"2021-04-14T08:12:11","modified_gmt":"2021-04-14T13:12:11","slug":"entre-lluvia-frio-y-viento-esperan-con-anticipacion-vacuna-en-oaxaca","status":"publish","type":"post","link":"https:\/\/zonaroja.com.mx\/?p=25950","title":{"rendered":"Entre lluvia, fr\u00edo y viento, esperan con anticipaci\u00f3n vacuna en Oaxaca"},"content":{"rendered":"\n<p>Yuridiana Sosa\/Zona Roja.<\/p>\n\n\n\n<p>Oaxaca de Ju\u00e1rez, Oax., 13 de abril de 2021.- La tormenta de anoche, con viento, fr\u00edo y granizo no amain\u00f3 los \u00e1nimos de los adultos mayores por conseguir la inmunizaci\u00f3n contra el coronavirus.<\/p>\n\n\n\n<p>La fiebre por la segunda dosis de la vacuna contra elCovid-19 en la capital del estado comenz\u00f3 desde la ma\u00f1ana del martes\u2026dos d\u00edas antes de que se realice la jornada.<\/p>\n\n\n\n<p>Las largas filas comenzaron de forma inmediata luego del anuncio del edil de Oaxaca de Ju\u00e1rez, la noche del lunes, Oswaldo Garc\u00eda Jarqu\u00edn, sobre el refuerzo a la primera dosis para los adultos mayores de 60 a\u00f1os.<\/p>\n\n\n\n<p>En los primeros lugares de la formaci\u00f3n, frente a la Plaza de la Danza, est\u00e1 do\u00f1a Socorro L\u00f3pez Salazar, mujer de 82 a\u00f1os de edad, que no escatim\u00f3 en esfuerzos para apartar su lugar, desde donde aprovecha y se entretiene con un tejido.<\/p>\n\n\n\n<p>Fuerte, coherente y optimista en que con la segunda dosis podr\u00e1 retomar actividades suspendidas, a do\u00f1a Socorro no le importa la espera de casi 48 horas. \u201cYa quiero salir a la calle\u201d, dice con alegr\u00eda la mujer.<\/p>\n\n\n\n<figure class=\"wp-block-embed-twitter wp-block-embed is-type-rich is-provider-twitter\"><div class=\"wp-block-embed__wrapper\">\n<div class=\"twitter-tweet\"><blockquote class=\"twitter-tweet\" data-lang=\"es\"><p lang=\"es\" dir=\"ltr\"><a href=\"https:\/\/twitter.com\/hashtag\/ENVIVO?src=hash&amp;ref_src=twsrc%5Etfw\">#ENVIVO<\/a> <br>Oaxaca de Ju\u00e1rez 13 de abril de 2021. Inician las filas para la aplicaci\u00f3n de la segunda vacuna contra el Covid en la ciudad de Oaxaca, que ser\u00e1 a partir del jueves.<br>Siga la transmisi\u00f3n:<a href=\"https:\/\/t.co\/nj6UBXPsTv\">https:\/\/t.co\/nj6UBXPsTv<\/a> <a href=\"https:\/\/t.co\/8KMWinjF50\">pic.twitter.com\/8KMWinjF50<\/a><\/p>&mdash; Zona Roja Oaxaca (@Zona_Roja_Oax) <a href=\"https:\/\/twitter.com\/Zona_Roja_Oax\/status\/1382028598064873478?ref_src=twsrc%5Etfw\">13 de abril de 2021<\/a><\/blockquote><\/div>\n<\/div><\/figure>\n\n\n\n<p>PRIMERA EXPERIENCIA, L REFERENTE<\/p>\n\n\n\n<p>Do\u00f1a Socorro, como decenas de personas que ya comenzaron la fila, prefieren esperar a quedarse sin el biol\u00f3gico.<\/p>\n\n\n\n<p>En la primera etapa, su hermano estuvo a una dosis de quedarse sin recibir la vacuna, por lo que esta vez no quiere arriesgarse a acudir el d\u00eda indicado. Pero no est\u00e1 sola en esta espera, cuenta con el relevo de nietos, hijas y hasta de yernos quienes la han cuidado en el transcurso de un a\u00f1o de pandemia.<\/p>\n\n\n\n<p>Pues durante la primera jornada el biol\u00f3gico se agot\u00f3 en el segundo d\u00eda, a pesar de estar programada para tres d\u00edas. En ese momento llovieron las quejas, pero tambi\u00e9n hubo muestras de temor y desesperanza de no ser beneficiados.<\/p>\n\n\n\n<p>NO ES AGUA<\/p>\n\n\n\n<p>A experiencia de do\u00f1a Socorro L\u00f3pez, con la aplicaci\u00f3n de la primera dosis sinti\u00f3 un ligero dolor de m\u00fasculos, pero no se espant\u00f3, pues eso le dio certeza que no recibi\u00f3 agua. \u201cSi fuera agua no sinti\u00e9ramos nada\u201d, consider\u00f3. Por lo que invit\u00f3 a otros adultos a vacunarse para estar protegidos.<\/p>\n\n\n\n<figure class=\"wp-block-embed-twitter wp-block-embed is-type-rich is-provider-twitter\"><div class=\"wp-block-embed__wrapper\">\n<div class=\"twitter-tweet\"><blockquote class=\"twitter-tweet\" data-lang=\"es\"><p lang=\"es\" dir=\"ltr\">Entre viento, lluvia y granizo, as\u00ed pernoct\u00f3 la mayor\u00eda de la gente en distinta sedes donde se aplicar\u00e1 la vacuna contra el Covid-19 en la capital de <a href=\"https:\/\/twitter.com\/hashtag\/Oaxaca?src=hash&amp;ref_src=twsrc%5Etfw\">#Oaxaca<\/a>, a partir de ma\u00f1ana; la desorganizaci\u00f3n por parte de la Delegaci\u00f3n Bienestar, prevalece.<br>Video: <a href=\"https:\/\/twitter.com\/rojasayuzo?ref_src=twsrc%5Etfw\">@rojasayuzo<\/a>. <a href=\"https:\/\/t.co\/sovPLXV4Mp\">pic.twitter.com\/sovPLXV4Mp<\/a><\/p>&mdash; Zona Roja Oaxaca (@Zona_Roja_Oax) <a href=\"https:\/\/twitter.com\/Zona_Roja_Oax\/status\/1382318967994273792?ref_src=twsrc%5Etfw\">14 de abril de 2021<\/a><\/blockquote><\/div>\n<\/div><\/figure>\n\n\n\n<p>LOS PUNTOS<\/p>\n\n\n\n<p>Tambi\u00e9n desde ayer por la ma\u00f1ana comenzaron a registrarse filas en la sede que ocupa la facultad de Medicina y Cirug\u00eda de UABJO.<\/p>\n\n\n\n<p>La segunda dosis de la vacuna Pfizer-BioNTech se aplicar\u00e1 a poco m\u00e1s de un mes de la primera dosis aplicada.<\/p>\n\n\n\n<p>Los puntos son Facultad de Medicina y Cirug\u00eda de la UABJO; Gimnasio Universitario de la UABJO; Casa Ejidal de La Joya en la agencia de San Mart\u00edn Mexicapam; explanada de la agencia de San Mart\u00edn Mexicapam; Plaza de la Danza; Canchas del sector 1 de la colonia Lomas de San Jacinto; Centro se salud de la colonia Estrella; canchas de la agencia del ejido Guadalupe Victoria; canchas de Usos M\u00faltiples de Viguera; explanada de la agencia de Pueblo Nuevo; canchas de la agencia de Dolores.<\/p>\n","protected":false},"excerpt":{"rendered":"<p>Yuridiana Sosa\/Zona Roja. Oaxaca de Ju\u00e1rez, Oax., 13 de abril de 2021.- La tormenta de&hellip;<\/p>\n","protected":false},"author":2,"featured_media":25951,"comment_status":"closed","ping_status":"open","sticky":false,"template":"","format":"standard","meta":{"_lmt_disableupdate":"","_lmt_disable":"","_jetpack_memberships_contains_paid_content":false,"footnotes":""},"categories":[109,47],"tags":[1512],"class_list":["post-25950","post","type-post","status-publish","format-standard","has-post-thumbnail","hentry","category-minuto-a-minuto","category-zona-gris","tag-coronavirus-oaxaca"],"jetpack_featured_media_url":"https:\/\/zonaroja.com.mx\/wp-content\/uploads\/2021\/04\/Filas-vacunacion-Covid.jpg","jetpack_sharing_enabled":true,"_links":{"self":[{"href":"https:\/\/zonaroja.com.mx\/index.php?rest_route=\/wp\/v2\/posts\/25950","targetHints":{"allow":["GET"]}}],"collection":[{"href":"https:\/\/zonaroja.com.mx\/index.php?rest_route=\/wp\/v2\/posts"}],"about":[{"href":"https:\/\/zonaroja.com.mx\/index.php?rest_route=\/wp\/v2\/types\/post"}],"author":[{"embeddable":true,"href":"https:\/\/zonaroja.com.mx\/index.php?rest_route=\/wp\/v2\/users\/2"}],"replies":[{"embeddable":true,"href":"https:\/\/zonaroja.com.mx\/index.php?rest_route=%2Fwp%2Fv2%2Fcomments&post=25950"}],"version-history":[{"count":1,"href":"https:\/\/zonaroja.com.mx\/index.php?rest_route=\/wp\/v2\/posts\/25950\/revisions"}],"predecessor-version":[{"id":25952,"href":"https:\/\/zonaroja.com.mx\/index.php?rest_route=\/wp\/v2\/posts\/25950\/revisions\/25952"}],"wp:featuredmedia":[{"embeddable":true,"href":"https:\/\/zonaroja.com.mx\/index.php?rest_route=\/wp\/v2\/media\/25951"}],"wp:attachment":[{"href":"https:\/\/zonaroja.com.mx\/index.php?rest_route=%2Fwp%2Fv2%2Fmedia&parent=25950"}],"wp:term":[{"taxonomy":"category","embeddable":true,"href":"https:\/\/zonaroja.com.mx\/index.php?rest_route=%2Fwp%2Fv2%2Fcategories&post=25950"},{"taxonomy":"post_tag","embeddable":true,"href":"https:\/\/zonaroja.com.mx\/index.php?rest_route=%2Fwp%2Fv2%2Ftags&post=25950"}],"curies":[{"name":"wp","href":"https:\/\/api.w.org\/{rel}","templated":true}]}}