{"id":2596,"date":"2019-07-28T21:51:32","date_gmt":"2019-07-29T02:51:32","guid":{"rendered":"http:\/\/www.zonaroja.com.mx\/?p=2596"},"modified":"2019-07-28T21:51:45","modified_gmt":"2019-07-29T02:51:45","slug":"domingo-en-oaxaca-otros-tres-homicidios-suman-11-en-un-dia","status":"publish","type":"post","link":"https:\/\/zonaroja.com.mx\/?p=2596","title":{"rendered":"Domingo en Oaxaca, otros tres homicidios; suman 11 en un d\u00eda"},"content":{"rendered":"\n<p>Redacci\u00f3n<\/p>\n\n\n\n<p>Oaxaca de Ju\u00e1rez, Oax., 28 de julio de\n2019.- En la v\u00edspera del segundo Lunes del Cerro y no obstante el operativo \u201cGuelaguetza\nSegura\u201d, este domingo se registraron otros tres homicidios, con lo que suman 11\nmuertes violentas durante el d\u00eda.<\/p>\n\n\n\n<p>La tarde de hoy en un domicilio de la\ncalle Libertad de San Juan Bautista Tuxtepec, fue hallado un hombre sin vida,\nidentificado preliminarmente como Gilberto Inocente M., quien presenta huellas\nde violencia.<\/p>\n\n\n\n<p>El Ministerio P\u00fablico de la\nVicefiscal\u00eda Regional de la Cuenca orden\u00f3 el levantamiento del cuerpo para la\nnecropsia correspondiente a fin de determinar las causas del deceso.<\/p>\n\n\n\n<p>Horas antes, un hombre fue atacado a\nbalazos afuera de un dep\u00f3sito de cervezas ubicado en la calle Francisco I.\nMadero, en inmediaciones con la avenida Plan de Tuxtepec, colonia Mar\u00eda Eugenia\nde ciudad cuenque\u00f1a.<\/p>\n\n\n\n<p>La v\u00edctima fue conocida como Jaime\nAguilar Trujillo, de aproximadamente 20 aos de edad, quien fue trasladado al hospital\ngeneral de Tuxtepec, donde falleci\u00f3 posteriormente a causa de la gravedad de\nlas lesiones.<\/p>\n\n\n\n<p>En San Pedro Pochutla, durante una ri\u00f1a\nsuscitada la madrugada de este domingo, un individuo fue atacado a balazos: se\ntrata de Anselmo Figueroa Santos, quien fue trasladado al hospital, donde\nperdi\u00f3 la vida cuando le iban a proporcionar atenci\u00f3n m\u00e9dica.<\/p>\n\n\n\n<p>Por la ma\u00f1ana, en Santo Domingo Petapa\nfueron masacradas a balazos siete personas, entre ellas una mujer, seg\u00fan\nconfirm\u00f3 la Fiscal\u00eda General del Estado. En Santo Tom\u00e1s Tamazul\u00e1pam,\nMiahuatl\u00e1n, fue ultimado otro individuo.<\/p>\n","protected":false},"excerpt":{"rendered":"<p>Redacci\u00f3n Oaxaca de Ju\u00e1rez, Oax., 28 de julio de 2019.- En la v\u00edspera del segundo&hellip;<\/p>\n","protected":false},"author":2,"featured_media":2597,"comment_status":"closed","ping_status":"open","sticky":false,"template":"","format":"standard","meta":{"_lmt_disableupdate":"","_lmt_disable":"","_jetpack_memberships_contains_paid_content":false,"footnotes":""},"categories":[109,51],"tags":[419],"class_list":["post-2596","post","type-post","status-publish","format-standard","has-post-thumbnail","hentry","category-minuto-a-minuto","category-zona-roja","tag-domingo-asesinatos-en-tuxtepec-y-pochutla"],"jetpack_featured_media_url":"https:\/\/zonaroja.com.mx\/wp-content\/uploads\/2019\/07\/Tuxtepec3-1.jpg","jetpack_sharing_enabled":true,"_links":{"self":[{"href":"https:\/\/zonaroja.com.mx\/index.php?rest_route=\/wp\/v2\/posts\/2596","targetHints":{"allow":["GET"]}}],"collection":[{"href":"https:\/\/zonaroja.com.mx\/index.php?rest_route=\/wp\/v2\/posts"}],"about":[{"href":"https:\/\/zonaroja.com.mx\/index.php?rest_route=\/wp\/v2\/types\/post"}],"author":[{"embeddable":true,"href":"https:\/\/zonaroja.com.mx\/index.php?rest_route=\/wp\/v2\/users\/2"}],"replies":[{"embeddable":true,"href":"https:\/\/zonaroja.com.mx\/index.php?rest_route=%2Fwp%2Fv2%2Fcomments&post=2596"}],"version-history":[{"count":1,"href":"https:\/\/zonaroja.com.mx\/index.php?rest_route=\/wp\/v2\/posts\/2596\/revisions"}],"predecessor-version":[{"id":2598,"href":"https:\/\/zonaroja.com.mx\/index.php?rest_route=\/wp\/v2\/posts\/2596\/revisions\/2598"}],"wp:featuredmedia":[{"embeddable":true,"href":"https:\/\/zonaroja.com.mx\/index.php?rest_route=\/wp\/v2\/media\/2597"}],"wp:attachment":[{"href":"https:\/\/zonaroja.com.mx\/index.php?rest_route=%2Fwp%2Fv2%2Fmedia&parent=2596"}],"wp:term":[{"taxonomy":"category","embeddable":true,"href":"https:\/\/zonaroja.com.mx\/index.php?rest_route=%2Fwp%2Fv2%2Fcategories&post=2596"},{"taxonomy":"post_tag","embeddable":true,"href":"https:\/\/zonaroja.com.mx\/index.php?rest_route=%2Fwp%2Fv2%2Ftags&post=2596"}],"curies":[{"name":"wp","href":"https:\/\/api.w.org\/{rel}","templated":true}]}}