{"id":25964,"date":"2021-04-14T16:24:32","date_gmt":"2021-04-14T21:24:32","guid":{"rendered":"https:\/\/www.zonaroja.com.mx\/?p=25964"},"modified":"2021-04-14T16:29:50","modified_gmt":"2021-04-14T21:29:50","slug":"con-bloqueo-exigen-justicia-por-probable-feminicidio-de-estrella-y-homicidio-de-josue-en-zaachila","status":"publish","type":"post","link":"https:\/\/zonaroja.com.mx\/?p=25964","title":{"rendered":"Con bloqueo, exigen justicia por probable feminicidio de Estrella y homicidio de Josu\u00e9, en Zaachila"},"content":{"rendered":"\n<p class=\"MsoNormal\">Yuridiana Sosa\/Zona Roja. <\/p>\n\n\n\n<p class=\"MsoNormal\">Oaxaca de Ju\u00e1rez, Oax., 14 de abril de 2021.- Familiares y vecinos de la agencia de Vicente Guerrero de la Villa de Zaachila, se manifestaron e instalaron un breve bloqueo sobre la carretera federal 175, en el crucero de la Y, para exigir justicia por el homicidio de dos adolescentes, presuntamente por un elemento de la Polic\u00eda Municipal de esa comunidad.<\/p>\n\n\n\n<p class=\"MsoNormal\">Estrella y Josu\u00e9 C. R., de 18 y 17 a\u00f1os de edad, murieron al ser atropellados al tratar de pasar la carretera que comunica a la Villa de Zaachila, la madrugada del lunes; sin embargo, el conductor responsable del fatal accidente era novio de la joven, quien adem\u00e1s huy\u00f3.<\/p>\n\n\n\n<p class=\"MsoNormal\">La familia de Estrella exige a la Fiscal\u00eda General de Oaxaca que el caso se considere como un feminicidio y no s\u00f3lo como un homicidio culposo por accidente de veh\u00edculo.<\/p>\n\n\n\n<p class=\"MsoNormal\">Entre las versiones recientes, la muerte de los j\u00f3venes no se trat\u00f3 de un accidente, sino de un acto premeditado, al ser arrojados del veh\u00edculo en movimiento en el que viajaban con el polic\u00eda.<\/p>\n\n\n\n<p class=\"MsoNormal\">Durante el sepelio de los j\u00f3venes, los deudos manifestaron que el presunto culpable qued\u00f3 en libertad ante las influencias del edil de Zaachila, C\u00e1stulo Bret\u00f3n, y quien adem\u00e1s cuenta con un familiar candidato a la presidencia municipal.<\/p>\n\n\n\n<p class=\"MsoNormal\">\u201cJusticia, ni una menos\u201d, se\u00f1alaron los manifestantes, quienes destacaron que el bloqueo vale la pena para exigir ni una muerta m\u00e1s a una mujer.<\/p>\n","protected":false},"excerpt":{"rendered":"<p>Yuridiana Sosa\/Zona Roja. Oaxaca de Ju\u00e1rez, Oax., 14 de abril de 2021.- Familiares y vecinos&hellip;<\/p>\n","protected":false},"author":2,"featured_media":25963,"comment_status":"closed","ping_status":"open","sticky":false,"template":"","format":"standard","meta":{"_lmt_disableupdate":"","_lmt_disable":"","_jetpack_memberships_contains_paid_content":false,"footnotes":""},"categories":[109,47],"tags":[155],"class_list":["post-25964","post","type-post","status-publish","format-standard","has-post-thumbnail","hentry","category-minuto-a-minuto","category-zona-gris","tag-villa-de-zaachila"],"jetpack_featured_media_url":"https:\/\/zonaroja.com.mx\/wp-content\/uploads\/2021\/04\/56ae7549-9585-41cd-af19-30fb3692389b.jpg","jetpack_sharing_enabled":true,"_links":{"self":[{"href":"https:\/\/zonaroja.com.mx\/index.php?rest_route=\/wp\/v2\/posts\/25964","targetHints":{"allow":["GET"]}}],"collection":[{"href":"https:\/\/zonaroja.com.mx\/index.php?rest_route=\/wp\/v2\/posts"}],"about":[{"href":"https:\/\/zonaroja.com.mx\/index.php?rest_route=\/wp\/v2\/types\/post"}],"author":[{"embeddable":true,"href":"https:\/\/zonaroja.com.mx\/index.php?rest_route=\/wp\/v2\/users\/2"}],"replies":[{"embeddable":true,"href":"https:\/\/zonaroja.com.mx\/index.php?rest_route=%2Fwp%2Fv2%2Fcomments&post=25964"}],"version-history":[{"count":1,"href":"https:\/\/zonaroja.com.mx\/index.php?rest_route=\/wp\/v2\/posts\/25964\/revisions"}],"predecessor-version":[{"id":25965,"href":"https:\/\/zonaroja.com.mx\/index.php?rest_route=\/wp\/v2\/posts\/25964\/revisions\/25965"}],"wp:featuredmedia":[{"embeddable":true,"href":"https:\/\/zonaroja.com.mx\/index.php?rest_route=\/wp\/v2\/media\/25963"}],"wp:attachment":[{"href":"https:\/\/zonaroja.com.mx\/index.php?rest_route=%2Fwp%2Fv2%2Fmedia&parent=25964"}],"wp:term":[{"taxonomy":"category","embeddable":true,"href":"https:\/\/zonaroja.com.mx\/index.php?rest_route=%2Fwp%2Fv2%2Fcategories&post=25964"},{"taxonomy":"post_tag","embeddable":true,"href":"https:\/\/zonaroja.com.mx\/index.php?rest_route=%2Fwp%2Fv2%2Ftags&post=25964"}],"curies":[{"name":"wp","href":"https:\/\/api.w.org\/{rel}","templated":true}]}}