{"id":25967,"date":"2021-04-14T19:51:06","date_gmt":"2021-04-15T00:51:06","guid":{"rendered":"http:\/\/www.zonaroja.com.mx\/?p=25967"},"modified":"2021-04-14T19:51:10","modified_gmt":"2021-04-15T00:51:10","slug":"escala-a-nivel-internacional-caso-de-claudia-uruchurtu-interviene-amnistia","status":"publish","type":"post","link":"https:\/\/zonaroja.com.mx\/?p=25967","title":{"rendered":"Escala a nivel internacional caso de Claudia Uruchurtu; interviene Amnist\u00eda"},"content":{"rendered":"\n<p>Yuridiana Sosa<\/p>\n\n\n\n<p>Oaxaca de Ju\u00e1rez, Oax., 14 de abril de 2021.- La organizaci\u00f3n defensora de derechos humanos Amnist\u00eda Internacional (AI) M\u00e9xico, demand\u00f3 que la investigaci\u00f3n para localizar a Claudia Uruchurtu Cruz, desaparecida en Asunci\u00f3n Nochixtl\u00e1n, se realice con perspectiva de g\u00e9nero y se tome en cuenta la labor de defensa que emprend\u00eda.<\/p>\n\n\n\n<p>La Unidad de Derechos Humanos del organismo defensor emiti\u00f3 un pronunciamiento sobre el hecho, a trav\u00e9s del cual solicit\u00f3 a las autoridades la localizaci\u00f3n inmediata de la mujer, quien previo a su desaparici\u00f3n particip\u00f3 en una protesta contra el ayuntamiento de Nochixtl\u00e1n, que preside Lizbeth Victoria Huerta.<\/p>\n\n\n\n<p>Por lo que exigi\u00f3 que tambi\u00e9n se garantice una investigaci\u00f3n de los hechos ocurridos en el contexto de la manifestaci\u00f3n del 26 de marzo, de lo cual, apunt\u00f3 Amnist\u00eda, tambi\u00e9n existen videos como evidencias sobre la forma violenta en que sujetos se llevaron una mujer, con las caracter\u00edsticas de Claudia, en un autom\u00f3vil color rojo, por lo que localmente se ha asumido que la mujer del video podr\u00eda ser ella.<\/p>\n\n\n\n<p>\u201cLa desaparici\u00f3n de Claudia coincide con el aumento de su visibilidad como defensora de derechos humanos por investigar y denunciar corrupci\u00f3n a nivel municipal, y tambi\u00e9n por su labor de movilizaci\u00f3n para frenar el abuso de poder\u201d, indic\u00f3 el organismo en su oficio AIMX\/DE\/088\/2021 y dado a conocer por la organizaci\u00f3n Unidad, Identidad y Ra\u00edces de Oaxaca (Unir).<\/p>\n\n\n\n<p>El organismo pidi\u00f3 a las autoridades correspondientes que se sancione a quienes resulten responsables de las violaciones a los derechos humanos; se repare el da\u00f1o causado a las v\u00edctimas indirectas, as\u00ed como a Claudia Uruchurtu Cruz; se establezca un contacto continuo con familiares de Uruchurtu Cruz y se les informe de todas las acciones realizadas y por hacer en seguimiento del caso.<\/p>\n\n\n\n<p>La organizaci\u00f3n record\u00f3 que el derecho internacional de los derechos humanos obliga a los Estados a dar cumplimiento al principio de la b\u00fasqueda debe iniciarse sin dilaci\u00f3n, pues tiene conocimiento por medio de la familia que no se han hecho las diligencias suficientes para dar con el paradero de Claudia.<\/p>\n","protected":false},"excerpt":{"rendered":"<p>Yuridiana Sosa Oaxaca de Ju\u00e1rez, Oax., 14 de abril de 2021.- La organizaci\u00f3n defensora de&hellip;<\/p>\n","protected":false},"author":2,"featured_media":25968,"comment_status":"closed","ping_status":"open","sticky":false,"template":"","format":"standard","meta":{"_lmt_disableupdate":"","_lmt_disable":"","_jetpack_memberships_contains_paid_content":false,"footnotes":""},"categories":[109,47],"tags":[2582],"class_list":["post-25967","post","type-post","status-publish","format-standard","has-post-thumbnail","hentry","category-minuto-a-minuto","category-zona-gris","tag-claudia-uruchurtu-cruz"],"jetpack_featured_media_url":"https:\/\/zonaroja.com.mx\/wp-content\/uploads\/2021\/04\/Amnistia-Internacional-Mexico.png","jetpack_sharing_enabled":true,"_links":{"self":[{"href":"https:\/\/zonaroja.com.mx\/index.php?rest_route=\/wp\/v2\/posts\/25967","targetHints":{"allow":["GET"]}}],"collection":[{"href":"https:\/\/zonaroja.com.mx\/index.php?rest_route=\/wp\/v2\/posts"}],"about":[{"href":"https:\/\/zonaroja.com.mx\/index.php?rest_route=\/wp\/v2\/types\/post"}],"author":[{"embeddable":true,"href":"https:\/\/zonaroja.com.mx\/index.php?rest_route=\/wp\/v2\/users\/2"}],"replies":[{"embeddable":true,"href":"https:\/\/zonaroja.com.mx\/index.php?rest_route=%2Fwp%2Fv2%2Fcomments&post=25967"}],"version-history":[{"count":1,"href":"https:\/\/zonaroja.com.mx\/index.php?rest_route=\/wp\/v2\/posts\/25967\/revisions"}],"predecessor-version":[{"id":25969,"href":"https:\/\/zonaroja.com.mx\/index.php?rest_route=\/wp\/v2\/posts\/25967\/revisions\/25969"}],"wp:featuredmedia":[{"embeddable":true,"href":"https:\/\/zonaroja.com.mx\/index.php?rest_route=\/wp\/v2\/media\/25968"}],"wp:attachment":[{"href":"https:\/\/zonaroja.com.mx\/index.php?rest_route=%2Fwp%2Fv2%2Fmedia&parent=25967"}],"wp:term":[{"taxonomy":"category","embeddable":true,"href":"https:\/\/zonaroja.com.mx\/index.php?rest_route=%2Fwp%2Fv2%2Fcategories&post=25967"},{"taxonomy":"post_tag","embeddable":true,"href":"https:\/\/zonaroja.com.mx\/index.php?rest_route=%2Fwp%2Fv2%2Ftags&post=25967"}],"curies":[{"name":"wp","href":"https:\/\/api.w.org\/{rel}","templated":true}]}}